{"id":8888,"date":"2023-02-27T10:22:18","date_gmt":"2023-02-27T09:22:18","guid":{"rendered":"https:\/\/ruizlarrea.com\/?p=8888"},"modified":"2023-03-02T15:43:44","modified_gmt":"2023-03-02T14:43:44","slug":"ruiz-larrea-y-plena-inclusion-impulsaran-la-accesibilidad-cognitiva-en-la-edificacion","status":"publish","type":"post","link":"https:\/\/ruizlarrea.com\/en\/ruiz-larrea-y-plena-inclusion-impulsaran-la-accesibilidad-cognitiva-en-la-edificacion\/","title":{"rendered":"Ruiz-Larrea and Full Inclusion will promote cognitive accessibility in buildings"},"content":{"rendered":"<div data-elementor-type=\"wp-post\" data-elementor-id=\"8888\" class=\"elementor elementor-8888\">\n\t\t\t\t\t\t<div class=\"elementor-inner\">\n\t\t\t\t<div class=\"elementor-section-wrap\">\n\t\t\t\t\t\t\t\t\t<section class=\"elementor-section elementor-top-section elementor-element elementor-element-7f9f7d7 elementor-section-boxed elementor-section-height-default elementor-section-height-default\" data-id=\"7f9f7d7\" data-element_type=\"section\">\n\t\t\t\t\t\t<div class=\"elementor-container elementor-column-gap-default\">\n\t\t\t\t\t\t\t<div class=\"elementor-row\">\n\t\t\t\t\t<div class=\"elementor-column elementor-col-100 elementor-top-column elementor-element elementor-element-3e9e761\" data-id=\"3e9e761\" data-element_type=\"column\">\n\t\t\t<div class=\"elementor-column-wrap\">\n\t\t\t\t\t\t\t<div class=\"elementor-widget-wrap\">\n\t\t\t\t\t\t\t\t<\/div>\n\t\t\t\t\t<\/div>\n\t\t<\/div>\n\t\t\t\t\t\t\t\t<\/div>\n\t\t\t\t\t<\/div>\n\t\t<\/section>\n\t\t\t\t<section class=\"elementor-section elementor-top-section elementor-element elementor-element-930580c elementor-section-boxed elementor-section-height-default elementor-section-height-default\" data-id=\"930580c\" data-element_type=\"section\">\n\t\t\t\t\t\t<div class=\"elementor-container elementor-column-gap-default\">\n\t\t\t\t\t\t\t<div class=\"elementor-row\">\n\t\t\t\t\t<div class=\"elementor-column elementor-col-100 elementor-top-column elementor-element elementor-element-b0e0bb2\" data-id=\"b0e0bb2\" data-element_type=\"column\">\n\t\t\t<div class=\"elementor-column-wrap elementor-element-populated\">\n\t\t\t\t\t\t\t<div class=\"elementor-widget-wrap\">\n\t\t\t\t\t\t<div class=\"elementor-element elementor-element-5fd3111 elementor-widget elementor-widget-image\" data-id=\"5fd3111\" data-element_type=\"widget\" data-widget_type=\"image.default\">\n\t\t\t\t<div class=\"elementor-widget-container\">\n\t\t\t\t\t\t\t\t<div class=\"elementor-image\">\n\t\t\t\t\t\t\t\t\t\t\t\t<img decoding=\"async\" width=\"1024\" height=\"683\" src=\"https:\/\/ruizlarrea.com\/wp-content\/uploads\/2023\/02\/Captura-de-Pantalla-2023-02-27-a-les-10.23.38-copia-1024x683.jpg\" class=\"attachment-large size-large\" alt=\"\" loading=\"lazy\" srcset=\"https:\/\/ruizlarrea.com\/wp-content\/uploads\/2023\/02\/Captura-de-Pantalla-2023-02-27-a-les-10.23.38-copia-1024x683.jpg 1024w, https:\/\/ruizlarrea.com\/wp-content\/uploads\/2023\/02\/Captura-de-Pantalla-2023-02-27-a-les-10.23.38-copia-300x200.jpg 300w, https:\/\/ruizlarrea.com\/wp-content\/uploads\/2023\/02\/Captura-de-Pantalla-2023-02-27-a-les-10.23.38-copia-768x512.jpg 768w, https:\/\/ruizlarrea.com\/wp-content\/uploads\/2023\/02\/Captura-de-Pantalla-2023-02-27-a-les-10.23.38-copia-18x12.jpg 18w, https:\/\/ruizlarrea.com\/wp-content\/uploads\/2023\/02\/Captura-de-Pantalla-2023-02-27-a-les-10.23.38-copia-700x466.jpg 700w, https:\/\/ruizlarrea.com\/wp-content\/uploads\/2023\/02\/Captura-de-Pantalla-2023-02-27-a-les-10.23.38-copia-440x294.jpg 440w, https:\/\/ruizlarrea.com\/wp-content\/uploads\/2023\/02\/Captura-de-Pantalla-2023-02-27-a-les-10.23.38-copia.jpg 1415w\" sizes=\"(max-width: 1024px) 100vw, 1024px\" \/>\t\t\t\t\t\t\t\t\t\t\t\t\t\t<\/div>\n\t\t\t\t\t\t<\/div>\n\t\t\t\t<\/div>\n\t\t\t\t<div class=\"elementor-element elementor-element-0bcf744 elementor-widget elementor-widget-spacer\" data-id=\"0bcf744\" data-element_type=\"widget\" data-widget_type=\"spacer.default\">\n\t\t\t\t<div class=\"elementor-widget-container\">\n\t\t\t\t\t<div class=\"elementor-spacer\">\n\t\t\t<div class=\"elementor-spacer-inner\"><\/div>\n\t\t<\/div>\n\t\t\t\t<\/div>\n\t\t\t\t<\/div>\n\t\t\t\t\t\t<\/div>\n\t\t\t\t\t<\/div>\n\t\t<\/div>\n\t\t\t\t\t\t\t\t<\/div>\n\t\t\t\t\t<\/div>\n\t\t<\/section>\n\t\t\t\t<section class=\"elementor-section elementor-top-section elementor-element elementor-element-a27095b elementor-section-boxed elementor-section-height-default elementor-section-height-default\" data-id=\"a27095b\" data-element_type=\"section\">\n\t\t\t\t\t\t<div class=\"elementor-container elementor-column-gap-default\">\n\t\t\t\t\t\t\t<div class=\"elementor-row\">\n\t\t\t\t\t<div class=\"elementor-column elementor-col-100 elementor-top-column elementor-element elementor-element-e460632\" data-id=\"e460632\" data-element_type=\"column\">\n\t\t\t<div class=\"elementor-column-wrap elementor-element-populated\">\n\t\t\t\t\t\t\t<div class=\"elementor-widget-wrap\">\n\t\t\t\t\t\t<div class=\"elementor-element elementor-element-7ba19e8 elementor-widget elementor-widget-text-editor\" data-id=\"7ba19e8\" data-element_type=\"widget\" data-widget_type=\"text-editor.default\">\n\t\t\t\t<div class=\"elementor-widget-container\">\n\t\t\t\t\t\t\t\t<div class=\"elementor-text-editor elementor-clearfix\">\n\t\t\t\t<h2>Ruiz-Larrea y Plena Inclusi\u00f3n impulsar\u00e1n la aacesibilidad cognitiva en la edificaci\u00f3n<\/h2>\n<p><strong>Miguel D\u00edaz, director del laboratorio de innovaci\u00f3n R_lab, rubric\u00f3 el acuerdo para impulsar una arquitectura corresponsable<\/strong><\/p>\n<p><strong>Madrid, 23\/01\/2023.-<\/strong> Ruiz-Larrea Arquitectura promover\u00e1 la accesibilidad cognitiva en el dise\u00f1o de edificios y espacios p\u00fablicos con el objetivo de garantizar la inclusi\u00f3n y la accesibilidad universales.<\/p>\n<p>As\u00ed queda reflejado en el convenio de colaboraci\u00f3n rubricado este lunes con Plena Inclusi\u00f3n Madrid, la federaci\u00f3n de asociaciones que representa a los colectivos de personas con discapacidad intelectual o del desarrollo en la regi\u00f3n, que proporcionar\u00e1 a Ruiz-Larrea la formaci\u00f3n y la asesor\u00eda especializada necesarias para mejorar el dise\u00f1o de los proyectos de edificaci\u00f3n de obra nueva y reforma o de transformaci\u00f3n de entornos urbanos.<\/p>\n<p>Miguel D\u00edaz, socio de Ruiz-Larrea, director de Sostenibilidad y director del laboratorio de innovaci\u00f3n R_lab, ha destacado que esta iniciativa se enmarca \u201c<strong>en la apuesta decidida de nuestra empresa por innovar en todas las \u00e1reas de la arquitectura, desde la sostenibilidad ambiental a las nuevas f\u00f3rmulas de usos mixtos (coliving, senior living), pasando, por supuesto, por la inclusi\u00f3n y accesibilidad universales<\/strong>\u201d. \u201c<strong>Con este acuerdo, seguimos desarrollando una arquitectura corresponsable, que satisfaga las necesidades de habitabilidad, salud y confort de todos los usuarios<\/strong>\u201d, subray\u00f3.<\/p>\n<p>Javier Luengo, director general de Plena Inclusi\u00f3n Madrid, recalc\u00f3 por su parte que la alianza con RLA supone \u201c<strong>un paso m\u00e1s en la inclusi\u00f3n de las personas con discapacidad intelectual o del desarrollo que evidencia que todos los sectores de la sociedad -en este caso el del dise\u00f1o de espacios p\u00fablicos y edificios- pueden ser aliados en la construcci\u00f3n de entornos accesibles para todas las personas<\/strong>\u201d. El director de la federaci\u00f3n madrile\u00f1a espera que esta colaboraci\u00f3n \u201c<strong>sirva como ejemplo para otros profesionales del sector para que se sumen a la arquitectura inclusiva y sostenible<\/strong>\u201d.<\/p>\n<p><strong>LAS PERSONAS CON DISCAPACIDAD, PROTAGONISTAS<\/strong><\/p>\n<p>Mediante este convenio, ambas partes se comprometen a trabajar de manera conjunta para impulsar la incorporaci\u00f3n de la accesibilidad cognitiva en el dise\u00f1o de todos los proyectos y en su ejecuci\u00f3n. Para ello, Plena Inclusi\u00f3n Madrid ofrecer\u00e1 asesoramiento experto a sus profesionales en la materia, as\u00ed como la realizaci\u00f3n de evaluaciones por parte de personas con discapacidad intelectual con experiencia en la validaci\u00f3n y el testeo de la funcionalidad de los entornos.<\/p>\n<p>Por su parte, los trabajadores de RLA recibir\u00e1n formaci\u00f3n sobre accesibilidad cognitiva impartida por Plena Inclusi\u00f3n Madrid para aumentar sus conocimientos y su sensibilidad sobre dise\u00f1o inclusivo.<\/p>\n<p>La federaci\u00f3n madrile\u00f1a de apoyo a personas con discapacidad intelectual o del desarrollo, en su apuesta por hacer el mundo m\u00e1s f\u00e1cil de entender a todas las personas, cuenta con acuerdos de colaboraci\u00f3n con la Comunidad de Madrid, el Ayuntamiento de la capital y otras administraciones de \u00e1mbito regional y local, as\u00ed como las principales empresas de transporte p\u00fablicas y privadas (Metro, EMT Madrid, Renfe, Alsa).<\/p>\n<p><strong>RUIZ-LARREA Y PLENA INCLUSI\u00d3N<\/strong><\/p>\n<p>Ruiz-Larrea Ruiz-Larrea Arquitectura es una empresa l\u00edder en innovaci\u00f3n y sostenibilidad en proyectos de obra nueva, rehabilitaci\u00f3n o transformaci\u00f3n de activos internacionalmente reconocida. Es pionera en el desarrollo y aplicaci\u00f3n de nuevos sistemas de edificaci\u00f3n sostenible, disminuci\u00f3n radical de la demanda energ\u00e9tica y arquitectura corresponsable gracias a un dise\u00f1o comprometido con la inclusi\u00f3n. Ruiz-Larrea ha firmado trabajos como la actual sede de Movistar+, el Centro Nacional de Energ\u00edas Renovables, la Agencia Andaluza de la Energ\u00eda, la Torre Cibeles del Banco de Espa\u00f1a, el hotel de lujo The Madrid EDITION, la reforma del Hotel Palace de Madrid (en curso), las sedes corporativa y log\u00edstica de Vueling o el nuevo headquarters de la farmac\u00e9utica Sanofi en Barcelona. Adem\u00e1s, Ruiz-Larrea ha desarrollado numerosos de proyectos de vivienda de obra nueva, build to rent y vivienda asequible, como el proyecto industrializado Manubuild, el residencial Madrid 0&#8217;0 (nZEB, BREEAM), el residencial Adelfas 98 (BREEAM) o Carabanchel 34 (Passivhaus).<\/p>\n<p><a href=\"https:\/\/ruizlarrea.com\/en\/\">www.ruizlarrea.com<\/a><\/p>\n<p>Plena Inclusi\u00f3n Madrid es la Federaci\u00f3n de Organizaciones en favor de Personas con Discapacidad Intelectual, declarada de utilidad p\u00fablica y sin \u00e1nimo de lucro. En la actualidad, lo forman una red de 118 entidades organizadas, que gestionan m\u00e1s de 360 centros y servicios que ponen a disposici\u00f3n de las personas con discapacidad intelectual m\u00e1s de 29.000 plazas y servicios de las cuales alrededor de 10.000 son contratadas con la Comunidad de Madrid. Trabajan en las entidades alrededor de 5.000 profesionales y colaboran 2.700 voluntarios.<\/p>\n<p><a href=\"http:\/\/www.plenainclusionmadrid.org\">www.plenainclusionmadrid.org<\/a><\/p>\n<p>\u00a0<\/p>\n<p>\u00a0<\/p>\n<p><strong>\u00a0<\/strong><\/p>\n<p><strong>More information, interviews or images:<\/strong><\/p>\n<p><span style=\"font-weight: 400;\">\u00c1ngel Calleja, director de Comunicaci\u00f3n y Relaciones Institucionales<\/span><\/p>\n<p><a href=\"mailto:a.calleja@ruizlarrea.com\"><span style=\"font-weight: 400;\">a.calleja@ruizlarrea.com<\/span><\/a><span style=\"font-weight: 400;\"> \/ +34 671 150 201<\/span><\/p>\t\t\t\t\t<\/div>\n\t\t\t\t\t\t<\/div>\n\t\t\t\t<\/div>\n\t\t\t\t\t\t<\/div>\n\t\t\t\t\t<\/div>\n\t\t<\/div>\n\t\t\t\t\t\t\t\t<\/div>\n\t\t\t\t\t<\/div>\n\t\t<\/section>\n\t\t\t\t<section class=\"elementor-section elementor-top-section elementor-element elementor-element-4251d7f elementor-section-boxed elementor-section-height-default elementor-section-height-default\" data-id=\"4251d7f\" data-element_type=\"section\">\n\t\t\t\t\t\t<div class=\"elementor-container elementor-column-gap-default\">\n\t\t\t\t\t\t\t<div class=\"elementor-row\">\n\t\t\t\t\t<div class=\"elementor-column elementor-col-100 elementor-top-column elementor-element elementor-element-0cbcb62\" data-id=\"0cbcb62\" data-element_type=\"column\">\n\t\t\t<div class=\"elementor-column-wrap elementor-element-populated\">\n\t\t\t\t\t\t\t<div class=\"elementor-widget-wrap\">\n\t\t\t\t\t\t<div class=\"elementor-element elementor-element-657a243 elementor-widget elementor-widget-spacer\" data-id=\"657a243\" data-element_type=\"widget\" data-widget_type=\"spacer.default\">\n\t\t\t\t<div class=\"elementor-widget-container\">\n\t\t\t\t\t<div class=\"elementor-spacer\">\n\t\t\t<div class=\"elementor-spacer-inner\"><\/div>\n\t\t<\/div>\n\t\t\t\t<\/div>\n\t\t\t\t<\/div>\n\t\t\t\t<div class=\"elementor-element elementor-element-a0d1292 elementor-align-center elementor-widget elementor-widget-button\" data-id=\"a0d1292\" data-element_type=\"widget\" data-widget_type=\"button.default\">\n\t\t\t\t<div class=\"elementor-widget-container\">\n\t\t\t\t\t<div class=\"elementor-button-wrapper\">\n\t\t\t<a href=\"https:\/\/ruizlarrea.com\/en\/actualidad\/\" class=\"elementor-button-link elementor-button elementor-size-sm\" role=\"button\">\n\t\t\t\t\t\t<span class=\"elementor-button-content-wrapper\">\n\t\t\t\t\t\t\t<span class=\"elementor-button-icon elementor-align-icon-left\">\n\t\t\t\t<i aria-hidden=\"true\" class=\"fas fa-angle-left\"><\/i>\t\t\t<\/span>\n\t\t\t\t\t\t<span class=\"elementor-button-text\">Comunicaci\u00f3n<\/span>\n\t\t<\/span>\n\t\t\t\t\t<\/a>\n\t\t<\/div>\n\t\t\t\t<\/div>\n\t\t\t\t<\/div>\n\t\t\t\t\t\t<\/div>\n\t\t\t\t\t<\/div>\n\t\t<\/div>\n\t\t\t\t\t\t\t\t<\/div>\n\t\t\t\t\t<\/div>\n\t\t<\/section>\n\t\t\t\t<section class=\"elementor-section elementor-top-section elementor-element elementor-element-2581f95 elementor-section-boxed elementor-section-height-default elementor-section-height-default\" data-id=\"2581f95\" data-element_type=\"section\">\n\t\t\t\t\t\t<div class=\"elementor-container elementor-column-gap-default\">\n\t\t\t\t\t\t\t<div class=\"elementor-row\">\n\t\t\t\t\t<div class=\"elementor-column elementor-col-100 elementor-top-column elementor-element elementor-element-ab4dba0\" data-id=\"ab4dba0\" data-element_type=\"column\">\n\t\t\t<div class=\"elementor-column-wrap\">\n\t\t\t\t\t\t\t<div class=\"elementor-widget-wrap\">\n\t\t\t\t\t\t\t\t<\/div>\n\t\t\t\t\t<\/div>\n\t\t<\/div>\n\t\t\t\t\t\t\t\t<\/div>\n\t\t\t\t\t<\/div>\n\t\t<\/section>\n\t\t\t\t\t\t\t\t\t<\/div>\n\t\t\t<\/div>\n\t\t\t\t\t<\/div>","protected":false},"excerpt":{"rendered":"<p>Ruiz-Larrea y Plena Inclusi\u00f3n impulsar\u00e1n la aacesibilidad cognitiva en la edificaci\u00f3n Miguel D\u00edaz, director del laboratorio de innovaci\u00f3n R_lab, rubric\u00f3 el acuerdo para impulsar una arquitectura corresponsable Madrid, 23\/01\/2023.- Ruiz-Larrea Arquitectura promover\u00e1 la accesibilidad cognitiva en el dise\u00f1o de edificios [&hellip;]<\/p>","protected":false},"author":1,"featured_media":8889,"comment_status":"closed","ping_status":"open","sticky":false,"template":"elementor_header_footer","format":"standard","meta":[],"categories":[19],"tags":[32],"yoast_head":"<!-- This site is optimized with the Yoast SEO plugin v20.2 - https:\/\/yoast.com\/wordpress\/plugins\/seo\/ -->\n<title>Ruiz-Larrea y Plena Inclusi\u00f3n impulsar\u00e1n la accesibilidad cognitiva en la edificaci\u00f3n - Ruiz Larrea<\/title>\n<meta name=\"robots\" content=\"index, follow, max-snippet:-1, max-image-preview:large, max-video-preview:-1\" \/>\n<link rel=\"canonical\" href=\"https:\/\/ruizlarrea.com\/en\/ruiz-larrea-y-plena-inclusion-impulsaran-la-accesibilidad-cognitiva-en-la-edificacion\/\" \/>\n<meta property=\"og:locale\" content=\"en_GB\" \/>\n<meta property=\"og:type\" content=\"article\" \/>\n<meta property=\"og:title\" content=\"Ruiz-Larrea y Plena Inclusi\u00f3n impulsar\u00e1n la accesibilidad cognitiva en la edificaci\u00f3n - Ruiz Larrea\" \/>\n<meta property=\"og:description\" content=\"Ruiz-Larrea y Plena Inclusi\u00f3n impulsar\u00e1n la aacesibilidad cognitiva en la edificaci\u00f3n Miguel D\u00edaz, director del laboratorio de innovaci\u00f3n R_lab, rubric\u00f3 el acuerdo para impulsar una arquitectura corresponsable Madrid, 23\/01\/2023.- Ruiz-Larrea Arquitectura promover\u00e1 la accesibilidad cognitiva en el dise\u00f1o de edificios [&hellip;]\" \/>\n<meta property=\"og:url\" content=\"https:\/\/ruizlarrea.com\/en\/ruiz-larrea-y-plena-inclusion-impulsaran-la-accesibilidad-cognitiva-en-la-edificacion\/\" \/>\n<meta property=\"og:site_name\" content=\"Ruiz Larrea\" \/>\n<meta property=\"article:publisher\" content=\"https:\/\/www.facebook.com\/2gvArquitectura\/\" \/>\n<meta property=\"article:published_time\" content=\"2023-02-27T09:22:18+00:00\" \/>\n<meta property=\"article:modified_time\" content=\"2023-03-02T14:43:44+00:00\" \/>\n<meta property=\"og:image\" content=\"https:\/\/ruizlarrea.com\/wp-content\/uploads\/2023\/02\/Captura-de-Pantalla-2023-02-27-a-les-10.23.38-copia.jpg\" \/>\n\t<meta property=\"og:image:width\" content=\"1415\" \/>\n\t<meta property=\"og:image:height\" content=\"944\" \/>\n\t<meta property=\"og:image:type\" content=\"image\/jpeg\" \/>\n<meta name=\"author\" content=\"2gvarquitectura\" \/>\n<meta name=\"twitter:card\" content=\"summary_large_image\" \/>\n<meta name=\"twitter:label1\" content=\"Written by\" \/>\n\t<meta name=\"twitter:data1\" content=\"2gvarquitectura\" \/>\n\t<meta name=\"twitter:label2\" content=\"Estimated reading time\" \/>\n\t<meta name=\"twitter:data2\" content=\"4 minutes\" \/>\n<script type=\"application\/ld+json\" class=\"yoast-schema-graph\">{\"@context\":\"https:\/\/schema.org\",\"@graph\":[{\"@type\":\"Article\",\"@id\":\"https:\/\/ruizlarrea.com\/ruiz-larrea-y-plena-inclusion-impulsaran-la-accesibilidad-cognitiva-en-la-edificacion\/#article\",\"isPartOf\":{\"@id\":\"https:\/\/ruizlarrea.com\/ruiz-larrea-y-plena-inclusion-impulsaran-la-accesibilidad-cognitiva-en-la-edificacion\/\"},\"author\":{\"name\":\"2gvarquitectura\",\"@id\":\"https:\/\/ruizlarrea.com\/en\/#\/schema\/person\/ca9cc31ed230229a58508c1d370fc4e2\"},\"headline\":\"Ruiz-Larrea y Plena Inclusi\u00f3n impulsar\u00e1n la accesibilidad cognitiva en la edificaci\u00f3n\",\"datePublished\":\"2023-02-27T09:22:18+00:00\",\"dateModified\":\"2023-03-02T14:43:44+00:00\",\"mainEntityOfPage\":{\"@id\":\"https:\/\/ruizlarrea.com\/ruiz-larrea-y-plena-inclusion-impulsaran-la-accesibilidad-cognitiva-en-la-edificacion\/\"},\"wordCount\":814,\"publisher\":{\"@id\":\"https:\/\/ruizlarrea.com\/en\/#organization\"},\"keywords\":[\"comunicaci\u00f3n\"],\"articleSection\":[\"Oficinas\"],\"inLanguage\":\"en-GB\"},{\"@type\":\"WebPage\",\"@id\":\"https:\/\/ruizlarrea.com\/ruiz-larrea-y-plena-inclusion-impulsaran-la-accesibilidad-cognitiva-en-la-edificacion\/\",\"url\":\"https:\/\/ruizlarrea.com\/ruiz-larrea-y-plena-inclusion-impulsaran-la-accesibilidad-cognitiva-en-la-edificacion\/\",\"name\":\"Ruiz-Larrea y Plena Inclusi\u00f3n impulsar\u00e1n la accesibilidad cognitiva en la edificaci\u00f3n - Ruiz Larrea\",\"isPartOf\":{\"@id\":\"https:\/\/ruizlarrea.com\/en\/#website\"},\"datePublished\":\"2023-02-27T09:22:18+00:00\",\"dateModified\":\"2023-03-02T14:43:44+00:00\",\"breadcrumb\":{\"@id\":\"https:\/\/ruizlarrea.com\/ruiz-larrea-y-plena-inclusion-impulsaran-la-accesibilidad-cognitiva-en-la-edificacion\/#breadcrumb\"},\"inLanguage\":\"en-GB\",\"potentialAction\":[{\"@type\":\"ReadAction\",\"target\":[\"https:\/\/ruizlarrea.com\/ruiz-larrea-y-plena-inclusion-impulsaran-la-accesibilidad-cognitiva-en-la-edificacion\/\"]}]},{\"@type\":\"BreadcrumbList\",\"@id\":\"https:\/\/ruizlarrea.com\/ruiz-larrea-y-plena-inclusion-impulsaran-la-accesibilidad-cognitiva-en-la-edificacion\/#breadcrumb\",\"itemListElement\":[{\"@type\":\"ListItem\",\"position\":1,\"name\":\"Portada\",\"item\":\"https:\/\/ruizlarrea.com\/\"},{\"@type\":\"ListItem\",\"position\":2,\"name\":\"Ruiz-Larrea y Plena Inclusi\u00f3n impulsar\u00e1n la accesibilidad cognitiva en la edificaci\u00f3n\"}]},{\"@type\":\"WebSite\",\"@id\":\"https:\/\/ruizlarrea.com\/en\/#website\",\"url\":\"https:\/\/ruizlarrea.com\/en\/\",\"name\":\"2gv Arquitectura\",\"description\":\"Arquitectura\",\"publisher\":{\"@id\":\"https:\/\/ruizlarrea.com\/en\/#organization\"},\"potentialAction\":[{\"@type\":\"SearchAction\",\"target\":{\"@type\":\"EntryPoint\",\"urlTemplate\":\"https:\/\/ruizlarrea.com\/en\/?s={search_term_string}\"},\"query-input\":\"required name=search_term_string\"}],\"inLanguage\":\"en-GB\"},{\"@type\":\"Organization\",\"@id\":\"https:\/\/ruizlarrea.com\/en\/#organization\",\"name\":\"2GV\",\"url\":\"https:\/\/ruizlarrea.com\/en\/\",\"logo\":{\"@type\":\"ImageObject\",\"inLanguage\":\"en-GB\",\"@id\":\"https:\/\/ruizlarrea.com\/en\/#\/schema\/logo\/image\/\",\"url\":\"https:\/\/ruizlarrea.com\/wp-content\/uploads\/2019\/10\/2gv_-logo-color-negro-e1571069923777.png\",\"contentUrl\":\"https:\/\/ruizlarrea.com\/wp-content\/uploads\/2019\/10\/2gv_-logo-color-negro-e1571069923777.png\",\"width\":150,\"height\":113,\"caption\":\"2GV\"},\"image\":{\"@id\":\"https:\/\/ruizlarrea.com\/en\/#\/schema\/logo\/image\/\"},\"sameAs\":[\"https:\/\/www.facebook.com\/2gvArquitectura\/\",\"https:\/\/www.instagram.com\/2gv_arq\/\",\"https:\/\/www.linkedin.com\/company\/dosgeuvearquitectura-s.l.p.\"]},{\"@type\":\"Person\",\"@id\":\"https:\/\/ruizlarrea.com\/en\/#\/schema\/person\/ca9cc31ed230229a58508c1d370fc4e2\",\"name\":\"2gvarquitectura\",\"image\":{\"@type\":\"ImageObject\",\"inLanguage\":\"en-GB\",\"@id\":\"https:\/\/ruizlarrea.com\/en\/#\/schema\/person\/image\/\",\"url\":\"https:\/\/secure.gravatar.com\/avatar\/99dd647ed9e1b8b4f8077d1a9de3e451?s=96&d=mm&r=g\",\"contentUrl\":\"https:\/\/secure.gravatar.com\/avatar\/99dd647ed9e1b8b4f8077d1a9de3e451?s=96&d=mm&r=g\",\"caption\":\"2gvarquitectura\"}}]}<\/script>\n<!-- \/ Yoast SEO plugin. -->","yoast_head_json":{"title":"Ruiz-Larrea y Plena Inclusi\u00f3n impulsar\u00e1n la accesibilidad cognitiva en la edificaci\u00f3n - Ruiz Larrea","robots":{"index":"index","follow":"follow","max-snippet":"max-snippet:-1","max-image-preview":"max-image-preview:large","max-video-preview":"max-video-preview:-1"},"canonical":"https:\/\/ruizlarrea.com\/en\/ruiz-larrea-y-plena-inclusion-impulsaran-la-accesibilidad-cognitiva-en-la-edificacion\/","og_locale":"en_GB","og_type":"article","og_title":"Ruiz-Larrea y Plena Inclusi\u00f3n impulsar\u00e1n la accesibilidad cognitiva en la edificaci\u00f3n - Ruiz Larrea","og_description":"Ruiz-Larrea y Plena Inclusi\u00f3n impulsar\u00e1n la aacesibilidad cognitiva en la edificaci\u00f3n Miguel D\u00edaz, director del laboratorio de innovaci\u00f3n R_lab, rubric\u00f3 el acuerdo para impulsar una arquitectura corresponsable Madrid, 23\/01\/2023.- Ruiz-Larrea Arquitectura promover\u00e1 la accesibilidad cognitiva en el dise\u00f1o de edificios [&hellip;]","og_url":"https:\/\/ruizlarrea.com\/en\/ruiz-larrea-y-plena-inclusion-impulsaran-la-accesibilidad-cognitiva-en-la-edificacion\/","og_site_name":"Ruiz Larrea","article_publisher":"https:\/\/www.facebook.com\/2gvArquitectura\/","article_published_time":"2023-02-27T09:22:18+00:00","article_modified_time":"2023-03-02T14:43:44+00:00","og_image":[{"width":1415,"height":944,"url":"https:\/\/ruizlarrea.com\/wp-content\/uploads\/2023\/02\/Captura-de-Pantalla-2023-02-27-a-les-10.23.38-copia.jpg","type":"image\/jpeg"}],"author":"2gvarquitectura","twitter_card":"summary_large_image","twitter_misc":{"Written by":"2gvarquitectura","Estimated reading time":"4 minutes"},"schema":{"@context":"https:\/\/schema.org","@graph":[{"@type":"Article","@id":"https:\/\/ruizlarrea.com\/ruiz-larrea-y-plena-inclusion-impulsaran-la-accesibilidad-cognitiva-en-la-edificacion\/#article","isPartOf":{"@id":"https:\/\/ruizlarrea.com\/ruiz-larrea-y-plena-inclusion-impulsaran-la-accesibilidad-cognitiva-en-la-edificacion\/"},"author":{"name":"2gvarquitectura","@id":"https:\/\/ruizlarrea.com\/en\/#\/schema\/person\/ca9cc31ed230229a58508c1d370fc4e2"},"headline":"Ruiz-Larrea y Plena Inclusi\u00f3n impulsar\u00e1n la accesibilidad cognitiva en la edificaci\u00f3n","datePublished":"2023-02-27T09:22:18+00:00","dateModified":"2023-03-02T14:43:44+00:00","mainEntityOfPage":{"@id":"https:\/\/ruizlarrea.com\/ruiz-larrea-y-plena-inclusion-impulsaran-la-accesibilidad-cognitiva-en-la-edificacion\/"},"wordCount":814,"publisher":{"@id":"https:\/\/ruizlarrea.com\/en\/#organization"},"keywords":["comunicaci\u00f3n"],"articleSection":["Oficinas"],"inLanguage":"en-GB"},{"@type":"WebPage","@id":"https:\/\/ruizlarrea.com\/ruiz-larrea-y-plena-inclusion-impulsaran-la-accesibilidad-cognitiva-en-la-edificacion\/","url":"https:\/\/ruizlarrea.com\/ruiz-larrea-y-plena-inclusion-impulsaran-la-accesibilidad-cognitiva-en-la-edificacion\/","name":"Ruiz-Larrea y Plena Inclusi\u00f3n impulsar\u00e1n la accesibilidad cognitiva en la edificaci\u00f3n - Ruiz Larrea","isPartOf":{"@id":"https:\/\/ruizlarrea.com\/en\/#website"},"datePublished":"2023-02-27T09:22:18+00:00","dateModified":"2023-03-02T14:43:44+00:00","breadcrumb":{"@id":"https:\/\/ruizlarrea.com\/ruiz-larrea-y-plena-inclusion-impulsaran-la-accesibilidad-cognitiva-en-la-edificacion\/#breadcrumb"},"inLanguage":"en-GB","potentialAction":[{"@type":"ReadAction","target":["https:\/\/ruizlarrea.com\/ruiz-larrea-y-plena-inclusion-impulsaran-la-accesibilidad-cognitiva-en-la-edificacion\/"]}]},{"@type":"BreadcrumbList","@id":"https:\/\/ruizlarrea.com\/ruiz-larrea-y-plena-inclusion-impulsaran-la-accesibilidad-cognitiva-en-la-edificacion\/#breadcrumb","itemListElement":[{"@type":"ListItem","position":1,"name":"Portada","item":"https:\/\/ruizlarrea.com\/"},{"@type":"ListItem","position":2,"name":"Ruiz-Larrea y Plena Inclusi\u00f3n impulsar\u00e1n la accesibilidad cognitiva en la edificaci\u00f3n"}]},{"@type":"WebSite","@id":"https:\/\/ruizlarrea.com\/en\/#website","url":"https:\/\/ruizlarrea.com\/en\/","name":"2gv Arquitectura","description":"Arquitectura","publisher":{"@id":"https:\/\/ruizlarrea.com\/en\/#organization"},"potentialAction":[{"@type":"SearchAction","target":{"@type":"EntryPoint","urlTemplate":"https:\/\/ruizlarrea.com\/en\/?s={search_term_string}"},"query-input":"required name=search_term_string"}],"inLanguage":"en-GB"},{"@type":"Organization","@id":"https:\/\/ruizlarrea.com\/en\/#organization","name":"2GV","url":"https:\/\/ruizlarrea.com\/en\/","logo":{"@type":"ImageObject","inLanguage":"en-GB","@id":"https:\/\/ruizlarrea.com\/en\/#\/schema\/logo\/image\/","url":"https:\/\/ruizlarrea.com\/wp-content\/uploads\/2019\/10\/2gv_-logo-color-negro-e1571069923777.png","contentUrl":"https:\/\/ruizlarrea.com\/wp-content\/uploads\/2019\/10\/2gv_-logo-color-negro-e1571069923777.png","width":150,"height":113,"caption":"2GV"},"image":{"@id":"https:\/\/ruizlarrea.com\/en\/#\/schema\/logo\/image\/"},"sameAs":["https:\/\/www.facebook.com\/2gvArquitectura\/","https:\/\/www.instagram.com\/2gv_arq\/","https:\/\/www.linkedin.com\/company\/dosgeuvearquitectura-s.l.p."]},{"@type":"Person","@id":"https:\/\/ruizlarrea.com\/en\/#\/schema\/person\/ca9cc31ed230229a58508c1d370fc4e2","name":"2gvarquitectura","image":{"@type":"ImageObject","inLanguage":"en-GB","@id":"https:\/\/ruizlarrea.com\/en\/#\/schema\/person\/image\/","url":"https:\/\/secure.gravatar.com\/avatar\/99dd647ed9e1b8b4f8077d1a9de3e451?s=96&d=mm&r=g","contentUrl":"https:\/\/secure.gravatar.com\/avatar\/99dd647ed9e1b8b4f8077d1a9de3e451?s=96&d=mm&r=g","caption":"2gvarquitectura"}}]}},"_links":{"self":[{"href":"https:\/\/ruizlarrea.com\/en\/wp-json\/wp\/v2\/posts\/8888"}],"collection":[{"href":"https:\/\/ruizlarrea.com\/en\/wp-json\/wp\/v2\/posts"}],"about":[{"href":"https:\/\/ruizlarrea.com\/en\/wp-json\/wp\/v2\/types\/post"}],"author":[{"embeddable":true,"href":"https:\/\/ruizlarrea.com\/en\/wp-json\/wp\/v2\/users\/1"}],"replies":[{"embeddable":true,"href":"https:\/\/ruizlarrea.com\/en\/wp-json\/wp\/v2\/comments?post=8888"}],"version-history":[{"count":11,"href":"https:\/\/ruizlarrea.com\/en\/wp-json\/wp\/v2\/posts\/8888\/revisions"}],"predecessor-version":[{"id":8929,"href":"https:\/\/ruizlarrea.com\/en\/wp-json\/wp\/v2\/posts\/8888\/revisions\/8929"}],"wp:featuredmedia":[{"embeddable":true,"href":"https:\/\/ruizlarrea.com\/en\/wp-json\/wp\/v2\/media\/8889"}],"wp:attachment":[{"href":"https:\/\/ruizlarrea.com\/en\/wp-json\/wp\/v2\/media?parent=8888"}],"wp:term":[{"taxonomy":"category","embeddable":true,"href":"https:\/\/ruizlarrea.com\/en\/wp-json\/wp\/v2\/categories?post=8888"},{"taxonomy":"post_tag","embeddable":true,"href":"https:\/\/ruizlarrea.com\/en\/wp-json\/wp\/v2\/tags?post=8888"}],"curies":[{"name":"wp","href":"https:\/\/api.w.org\/{rel}","templated":true}]}}