{"id":8878,"date":"2023-02-23T12:04:12","date_gmt":"2023-02-23T11:04:12","guid":{"rendered":"https:\/\/ruizlarrea.com\/?p=8878"},"modified":"2023-04-24T12:27:42","modified_gmt":"2023-04-24T10:27:42","slug":"el-edition-de-ruiz-larrea-premio-a-la-mejor-transformacion-hotelera-del-ano-en-europa","status":"publish","type":"post","link":"https:\/\/ruizlarrea.com\/en\/el-edition-de-ruiz-larrea-premio-a-la-mejor-transformacion-hotelera-del-ano-en-europa\/","title":{"rendered":"The EDITION de RL, award for the best hotel transformation of the year in Europe"},"content":{"rendered":"<div data-elementor-type=\"wp-post\" data-elementor-id=\"8878\" class=\"elementor elementor-8878\">\n\t\t\t\t\t\t<div class=\"elementor-inner\">\n\t\t\t\t<div class=\"elementor-section-wrap\">\n\t\t\t\t\t\t\t\t\t<section class=\"elementor-section elementor-top-section elementor-element elementor-element-7f9f7d7 elementor-section-boxed elementor-section-height-default elementor-section-height-default\" data-id=\"7f9f7d7\" data-element_type=\"section\">\n\t\t\t\t\t\t<div class=\"elementor-container elementor-column-gap-default\">\n\t\t\t\t\t\t\t<div class=\"elementor-row\">\n\t\t\t\t\t<div class=\"elementor-column elementor-col-100 elementor-top-column elementor-element elementor-element-3e9e761\" data-id=\"3e9e761\" data-element_type=\"column\">\n\t\t\t<div class=\"elementor-column-wrap\">\n\t\t\t\t\t\t\t<div class=\"elementor-widget-wrap\">\n\t\t\t\t\t\t\t\t<\/div>\n\t\t\t\t\t<\/div>\n\t\t<\/div>\n\t\t\t\t\t\t\t\t<\/div>\n\t\t\t\t\t<\/div>\n\t\t<\/section>\n\t\t\t\t<section class=\"elementor-section elementor-top-section elementor-element elementor-element-930580c elementor-section-boxed elementor-section-height-default elementor-section-height-default\" data-id=\"930580c\" data-element_type=\"section\">\n\t\t\t\t\t\t<div class=\"elementor-container elementor-column-gap-default\">\n\t\t\t\t\t\t\t<div class=\"elementor-row\">\n\t\t\t\t\t<div class=\"elementor-column elementor-col-100 elementor-top-column elementor-element elementor-element-b0e0bb2\" data-id=\"b0e0bb2\" data-element_type=\"column\">\n\t\t\t<div class=\"elementor-column-wrap elementor-element-populated\">\n\t\t\t\t\t\t\t<div class=\"elementor-widget-wrap\">\n\t\t\t\t\t\t<div class=\"elementor-element elementor-element-5fd3111 elementor-widget elementor-widget-image\" data-id=\"5fd3111\" data-element_type=\"widget\" data-widget_type=\"image.default\">\n\t\t\t\t<div class=\"elementor-widget-container\">\n\t\t\t\t\t\t\t\t<div class=\"elementor-image\">\n\t\t\t\t\t\t\t\t\t\t\t\t<img decoding=\"async\" width=\"1024\" height=\"819\" src=\"https:\/\/ruizlarrea.com\/wp-content\/uploads\/2023\/02\/EDITION-3-1024x819.jpg\" class=\"attachment-large size-large\" alt=\"\" loading=\"lazy\" srcset=\"https:\/\/ruizlarrea.com\/wp-content\/uploads\/2023\/02\/EDITION-3-1024x819.jpg 1024w, https:\/\/ruizlarrea.com\/wp-content\/uploads\/2023\/02\/EDITION-3-300x240.jpg 300w, https:\/\/ruizlarrea.com\/wp-content\/uploads\/2023\/02\/EDITION-3-768x614.jpg 768w, https:\/\/ruizlarrea.com\/wp-content\/uploads\/2023\/02\/EDITION-3-1536x1229.jpg 1536w, https:\/\/ruizlarrea.com\/wp-content\/uploads\/2023\/02\/EDITION-3-15x12.jpg 15w, https:\/\/ruizlarrea.com\/wp-content\/uploads\/2023\/02\/EDITION-3-440x352.jpg 440w, https:\/\/ruizlarrea.com\/wp-content\/uploads\/2023\/02\/EDITION-3.jpg 1920w\" sizes=\"(max-width: 1024px) 100vw, 1024px\" \/>\t\t\t\t\t\t\t\t\t\t\t\t\t\t<\/div>\n\t\t\t\t\t\t<\/div>\n\t\t\t\t<\/div>\n\t\t\t\t<div class=\"elementor-element elementor-element-0bcf744 elementor-widget elementor-widget-spacer\" data-id=\"0bcf744\" data-element_type=\"widget\" data-widget_type=\"spacer.default\">\n\t\t\t\t<div class=\"elementor-widget-container\">\n\t\t\t\t\t<div class=\"elementor-spacer\">\n\t\t\t<div class=\"elementor-spacer-inner\"><\/div>\n\t\t<\/div>\n\t\t\t\t<\/div>\n\t\t\t\t<\/div>\n\t\t\t\t\t\t<\/div>\n\t\t\t\t\t<\/div>\n\t\t<\/div>\n\t\t\t\t\t\t\t\t<\/div>\n\t\t\t\t\t<\/div>\n\t\t<\/section>\n\t\t\t\t<section class=\"elementor-section elementor-top-section elementor-element elementor-element-a27095b elementor-section-boxed elementor-section-height-default elementor-section-height-default\" data-id=\"a27095b\" data-element_type=\"section\">\n\t\t\t\t\t\t<div class=\"elementor-container elementor-column-gap-default\">\n\t\t\t\t\t\t\t<div class=\"elementor-row\">\n\t\t\t\t\t<div class=\"elementor-column elementor-col-100 elementor-top-column elementor-element elementor-element-e460632\" data-id=\"e460632\" data-element_type=\"column\">\n\t\t\t<div class=\"elementor-column-wrap elementor-element-populated\">\n\t\t\t\t\t\t\t<div class=\"elementor-widget-wrap\">\n\t\t\t\t\t\t<div class=\"elementor-element elementor-element-7ba19e8 elementor-widget elementor-widget-text-editor\" data-id=\"7ba19e8\" data-element_type=\"widget\" data-widget_type=\"text-editor.default\">\n\t\t\t\t<div class=\"elementor-widget-container\">\n\t\t\t\t\t\t\t\t<div class=\"elementor-text-editor elementor-clearfix\">\n\t\t\t\t<h2>El EDITION de Ruiz-larrea, premio a la mejor transformaci\u00f3n hotelera del a\u00f1o en Europa<\/h2>\n<p><strong>La reconversi\u00f3n de oficinas a hotel de lujo ejecutada por Ruiz-Larrea Arquitectura y OAB suma cinco reconocimientos desde su apertura en la primavera de 2022.<\/strong><\/p>\n<p><strong>Madrid, 05\/01\/2023.-<\/strong> La reconversi\u00f3n de las oficinas del antiguo Monte de Piedad de Caja Madrid en el hotel de lujo The Madrid EDITION, ejecutada por Ruiz-Larrea Arquitectura y OAB, ha merecido el Ahead Award a la mejor transformaci\u00f3n hotelera del a\u00f1o en Europa que otorga la revista especializada <em>Sleeper<\/em>.<\/p>\n<p>En concreto, el jurado ha distinguido \u201cel excepcional dise\u00f1o y la arquitectura\u201d del edificio, as\u00ed como la contribuci\u00f3n de sus espacios a la experiencia de los hu\u00e9spedes. Por todo ello, <em>Sleeper<\/em> ha reconocido al EDITION con tres galardones m\u00e1s: el premio continental a los mejores espacios comunes, el premio continental al mejor lounge-bar y el reconocimiento absoluto al mejor lounge-bar del mundo en el a\u00f1o 2022.<\/p>\n<p><strong>Para C\u00e9sar Ruiz-Larrea, presidente de Ruiz-Larrea Arquitectura, estos cuatro Ahead Awards suponen \u201cun reconocimiento a la labor de todos los equipos implicados en la transformaci\u00f3n de estas antiguas oficinas y en la recuperaci\u00f3n de los valores del inmueble, que hemos convertido en un activo capaz de generar actividad y rentabilidad econ\u00f3mica y de recuperar el centro hist\u00f3rico de Madrid\u201d.<\/strong><\/p>\n<p>Tras estos premios, el antiguo Monte de Piedad suma cinco galardones desde su reciente apertura al p\u00fablico en la primavera de 2022, al recibir el Best Luxury Architecture Award a \u201clos m\u00e1s altos est\u00e1ndares en la industria inmobiliaria\u201d y la Silver Medal en la categor\u00eda de los Best of Design Awards 2022 que entrega <em>The Architect\u2019s Newspaper<\/em>.<\/p>\n<p><strong>DE MONTE DE PIEDAD A RESORT URBANO SOSTENIBLE<\/strong><\/p>\n<p>El Monte de Piedad fue adquirido a KKH por el fondo soberano de Singapur GIC y del holand\u00e9s APG (unidos en Archer Capital). Su transformaci\u00f3n arquitect\u00f3nica ha corrido a cargo de Ruiz-Larrea y OAB de acuerdo al dise\u00f1o y al interiorismo ideados por el arquitecto ingl\u00e9s John Pawson y el artista franc\u00e9s Fran\u00e7ois Champsaur. El dise\u00f1o ha sido supervisado por Ian Schrager, fundador de Studio 54 y creador de la marca hotelera EDITION, que opera el espacio bajo el paraguas de Marriott Internacional.<\/p>\n<p>Las obsoletas oficinas, que llevaban a\u00f1os en desuso, han dejado paso a 177 habitaciones, 21 suites y dos \u00e1ticos o <em>penthouse<\/em> comunicables -cada uno con su propia piscina-, adem\u00e1s de dos restaurantes, dos bares-cocteler\u00eda, un centro de spa-wellness y una terraza con piscina infinita que permite la celebraci\u00f3n de eventos, siendo esta la piscina m\u00e1s grande construida sobre la cubierta de un edificio preexistente en Madrid.<\/p>\n<p>El nuevo hotel respeta la ordenada fachada reticular de Manuel Cabanyes i Mata e integra la fachada barroca (s. XVIII) del maestro Pedro de Ribera, que ha sido sometidaa una cuidadosa restauraci\u00f3n patrimonial. Actualmente, el Monte de Piedad mantiene su oficina en la planta baja del inmueble, con entrada por la calle de la Misericordia.<\/p>\n<p>La nueva funci\u00f3n del edificio ha incorporado elevadas pautas de sostenibilidad, como son la reducci\u00f3n de emisiones de CO2, la incorporaci\u00f3n de aerotermia y de recuperadores de calor de m\u00e1xima eficiencia y m\u00e1ximas cotas de estanqueidad para reducir al m\u00ednimo la demanda energ\u00e9tica, as\u00ed como el uso de materiales con certificaci\u00f3n ambiental de producto. Asimismo, se ha ampliado el patio de manzana existente y se ha creado un segundo patio a fin de aportar luz natural a la cruj\u00eda m\u00e1s profunda del edificio, aminorando a\u00fan m\u00e1s la necesidad de iluminaci\u00f3n artificial.<\/p>\n<p>Todo ello ha permitido que el inmueble est\u00e9 preparado para recibir el sello de sostenibilidad LEED en su categor\u00eda Gold.<\/p>\n<p><strong>RUIZ-LARREA, INNOVACI\u00d3N Y SOSTENIBILIDAD<\/strong><\/p>\n<p>Ruiz-Larrea Arquitectura, empresa de servicios especialista en bioclimatismo, industrializaci\u00f3n y transformaci\u00f3n de activos, acumula numerosos reconocimientos a nivel nacional e internacional. En su nueva etapa, Ruiz-Larrea ha situado el laboratorio de investigaci\u00f3n <strong>R_lab<\/strong> como columna vertebral de su actividad, priorizando la colaboraci\u00f3n con clientes e industria en torno a nuevos materiales, homeostasis urbana, nuevas f\u00f3rmulas residenciales (coliving, senior living) o arquitectura corresponsable.<\/p>\n<p>La empresa es responsable de trabajos como el centro de producci\u00f3n audiovisual de Sogecable (hoy sede de Movistar+), el Centro Nacional de Energ\u00edas Renovables, la Agencia Andaluza de la Energ\u00eda, la Torre Cibeles del Banco de Espa\u00f1a, la sede corporativa y centro de formaci\u00f3n de pilotos de Vueling o el nuevo <em>headquarters<\/em> de la multinacional farmac\u00e9utica Sanofi en Barcelona, adem\u00e1s de multitud de proyectos de vivienda de obra nueva, vivienda asequible, rehabilitaci\u00f3n y <em>build to rent<\/em> con certificaci\u00f3n Passivhaus, BREEAM, LEED y WELL.<\/p>\n<p>\u00a0<\/p>\n<p><strong>Enlace a la lista de ganadores:<\/strong><\/p>\n<p><a href=\"https:\/\/www.aheadawards.com\/europe\/2022\/winners\">https:\/\/www.aheadawards.com\/europe\/2022\/winners<\/a><\/p>\n<p><strong>\u00a0<\/strong><\/p>\n<p><strong>More information, interviews or images:<\/strong><\/p>\n<p><span style=\"font-weight: 400;\">\u00c1ngel Calleja, director de Comunicaci\u00f3n y Relaciones Institucionales<\/span><\/p>\n<p><a href=\"mailto:a.calleja@ruizlarrea.com\"><span style=\"font-weight: 400;\">a.calleja@ruizlarrea.com<\/span><\/a><span style=\"font-weight: 400;\"> \/ +34 671 150 201<\/span><\/p>\t\t\t\t\t<\/div>\n\t\t\t\t\t\t<\/div>\n\t\t\t\t<\/div>\n\t\t\t\t\t\t<\/div>\n\t\t\t\t\t<\/div>\n\t\t<\/div>\n\t\t\t\t\t\t\t\t<\/div>\n\t\t\t\t\t<\/div>\n\t\t<\/section>\n\t\t\t\t<section class=\"elementor-section elementor-top-section elementor-element elementor-element-4251d7f elementor-section-boxed elementor-section-height-default elementor-section-height-default\" data-id=\"4251d7f\" data-element_type=\"section\">\n\t\t\t\t\t\t<div class=\"elementor-container elementor-column-gap-default\">\n\t\t\t\t\t\t\t<div class=\"elementor-row\">\n\t\t\t\t\t<div class=\"elementor-column elementor-col-100 elementor-top-column elementor-element elementor-element-0cbcb62\" data-id=\"0cbcb62\" data-element_type=\"column\">\n\t\t\t<div class=\"elementor-column-wrap elementor-element-populated\">\n\t\t\t\t\t\t\t<div class=\"elementor-widget-wrap\">\n\t\t\t\t\t\t<div class=\"elementor-element elementor-element-657a243 elementor-widget elementor-widget-spacer\" data-id=\"657a243\" data-element_type=\"widget\" data-widget_type=\"spacer.default\">\n\t\t\t\t<div class=\"elementor-widget-container\">\n\t\t\t\t\t<div class=\"elementor-spacer\">\n\t\t\t<div class=\"elementor-spacer-inner\"><\/div>\n\t\t<\/div>\n\t\t\t\t<\/div>\n\t\t\t\t<\/div>\n\t\t\t\t<div class=\"elementor-element elementor-element-a0d1292 elementor-align-center elementor-widget elementor-widget-button\" data-id=\"a0d1292\" data-element_type=\"widget\" data-widget_type=\"button.default\">\n\t\t\t\t<div class=\"elementor-widget-container\">\n\t\t\t\t\t<div class=\"elementor-button-wrapper\">\n\t\t\t<a href=\"https:\/\/ruizlarrea.com\/en\/actualidad\/\" class=\"elementor-button-link elementor-button elementor-size-sm\" role=\"button\">\n\t\t\t\t\t\t<span class=\"elementor-button-content-wrapper\">\n\t\t\t\t\t\t\t<span class=\"elementor-button-icon elementor-align-icon-left\">\n\t\t\t\t<i aria-hidden=\"true\" class=\"fas fa-angle-left\"><\/i>\t\t\t<\/span>\n\t\t\t\t\t\t<span class=\"elementor-button-text\">Comunicaci\u00f3n<\/span>\n\t\t<\/span>\n\t\t\t\t\t<\/a>\n\t\t<\/div>\n\t\t\t\t<\/div>\n\t\t\t\t<\/div>\n\t\t\t\t\t\t<\/div>\n\t\t\t\t\t<\/div>\n\t\t<\/div>\n\t\t\t\t\t\t\t\t<\/div>\n\t\t\t\t\t<\/div>\n\t\t<\/section>\n\t\t\t\t<section class=\"elementor-section elementor-top-section elementor-element elementor-element-2581f95 elementor-section-boxed elementor-section-height-default elementor-section-height-default\" data-id=\"2581f95\" data-element_type=\"section\">\n\t\t\t\t\t\t<div class=\"elementor-container elementor-column-gap-default\">\n\t\t\t\t\t\t\t<div class=\"elementor-row\">\n\t\t\t\t\t<div class=\"elementor-column elementor-col-100 elementor-top-column elementor-element elementor-element-ab4dba0\" data-id=\"ab4dba0\" data-element_type=\"column\">\n\t\t\t<div class=\"elementor-column-wrap\">\n\t\t\t\t\t\t\t<div class=\"elementor-widget-wrap\">\n\t\t\t\t\t\t\t\t<\/div>\n\t\t\t\t\t<\/div>\n\t\t<\/div>\n\t\t\t\t\t\t\t\t<\/div>\n\t\t\t\t\t<\/div>\n\t\t<\/section>\n\t\t\t\t\t\t\t\t\t<\/div>\n\t\t\t<\/div>\n\t\t\t\t\t<\/div>","protected":false},"excerpt":{"rendered":"<p>El EDITION de Ruiz-larrea, premio a la mejor transformaci\u00f3n hotelera del a\u00f1o en Europa La reconversi\u00f3n de oficinas a hotel de lujo ejecutada por Ruiz-Larrea Arquitectura y OAB suma cinco reconocimientos desde su apertura en la primavera de 2022. Madrid, [&hellip;]<\/p>","protected":false},"author":1,"featured_media":8880,"comment_status":"closed","ping_status":"open","sticky":false,"template":"elementor_header_footer","format":"standard","meta":[],"categories":[19],"tags":[32],"yoast_head":"<!-- This site is optimized with the Yoast SEO plugin v20.2 - https:\/\/yoast.com\/wordpress\/plugins\/seo\/ -->\n<title>El EDITION de RL, premio a la mejor transformaci\u00f3n hotelera del a\u00f1o en Europa - Ruiz Larrea<\/title>\n<meta name=\"robots\" content=\"index, follow, max-snippet:-1, max-image-preview:large, max-video-preview:-1\" \/>\n<link rel=\"canonical\" href=\"https:\/\/ruizlarrea.com\/en\/el-edition-de-ruiz-larrea-premio-a-la-mejor-transformacion-hotelera-del-ano-en-europa\/\" \/>\n<meta property=\"og:locale\" content=\"en_GB\" \/>\n<meta property=\"og:type\" content=\"article\" \/>\n<meta property=\"og:title\" content=\"El EDITION de RL, premio a la mejor transformaci\u00f3n hotelera del a\u00f1o en Europa - Ruiz Larrea\" \/>\n<meta property=\"og:description\" content=\"El EDITION de Ruiz-larrea, premio a la mejor transformaci\u00f3n hotelera del a\u00f1o en Europa La reconversi\u00f3n de oficinas a hotel de lujo ejecutada por Ruiz-Larrea Arquitectura y OAB suma cinco reconocimientos desde su apertura en la primavera de 2022. Madrid, [&hellip;]\" \/>\n<meta property=\"og:url\" content=\"https:\/\/ruizlarrea.com\/en\/el-edition-de-ruiz-larrea-premio-a-la-mejor-transformacion-hotelera-del-ano-en-europa\/\" \/>\n<meta property=\"og:site_name\" content=\"Ruiz Larrea\" \/>\n<meta property=\"article:publisher\" content=\"https:\/\/www.facebook.com\/2gvArquitectura\/\" \/>\n<meta property=\"article:published_time\" content=\"2023-02-23T11:04:12+00:00\" \/>\n<meta property=\"article:modified_time\" content=\"2023-04-24T10:27:42+00:00\" \/>\n<meta property=\"og:image\" content=\"https:\/\/ruizlarrea.com\/wp-content\/uploads\/2023\/02\/EDITION-3.jpg\" \/>\n\t<meta property=\"og:image:width\" content=\"1920\" \/>\n\t<meta property=\"og:image:height\" content=\"1536\" \/>\n\t<meta property=\"og:image:type\" content=\"image\/jpeg\" \/>\n<meta name=\"author\" content=\"2gvarquitectura\" \/>\n<meta name=\"twitter:card\" content=\"summary_large_image\" \/>\n<meta name=\"twitter:label1\" content=\"Written by\" \/>\n\t<meta name=\"twitter:data1\" content=\"2gvarquitectura\" \/>\n\t<meta name=\"twitter:label2\" content=\"Estimated reading time\" \/>\n\t<meta name=\"twitter:data2\" content=\"4 minutes\" \/>\n<script type=\"application\/ld+json\" class=\"yoast-schema-graph\">{\"@context\":\"https:\/\/schema.org\",\"@graph\":[{\"@type\":\"Article\",\"@id\":\"https:\/\/ruizlarrea.com\/el-edition-de-ruiz-larrea-premio-a-la-mejor-transformacion-hotelera-del-ano-en-europa\/#article\",\"isPartOf\":{\"@id\":\"https:\/\/ruizlarrea.com\/el-edition-de-ruiz-larrea-premio-a-la-mejor-transformacion-hotelera-del-ano-en-europa\/\"},\"author\":{\"name\":\"2gvarquitectura\",\"@id\":\"https:\/\/ruizlarrea.com\/en\/#\/schema\/person\/ca9cc31ed230229a58508c1d370fc4e2\"},\"headline\":\"El EDITION de RL, premio a la mejor transformaci\u00f3n hotelera del a\u00f1o en Europa\",\"datePublished\":\"2023-02-23T11:04:12+00:00\",\"dateModified\":\"2023-04-24T10:27:42+00:00\",\"mainEntityOfPage\":{\"@id\":\"https:\/\/ruizlarrea.com\/el-edition-de-ruiz-larrea-premio-a-la-mejor-transformacion-hotelera-del-ano-en-europa\/\"},\"wordCount\":851,\"publisher\":{\"@id\":\"https:\/\/ruizlarrea.com\/en\/#organization\"},\"keywords\":[\"comunicaci\u00f3n\"],\"articleSection\":[\"Oficinas\"],\"inLanguage\":\"en-GB\"},{\"@type\":\"WebPage\",\"@id\":\"https:\/\/ruizlarrea.com\/el-edition-de-ruiz-larrea-premio-a-la-mejor-transformacion-hotelera-del-ano-en-europa\/\",\"url\":\"https:\/\/ruizlarrea.com\/el-edition-de-ruiz-larrea-premio-a-la-mejor-transformacion-hotelera-del-ano-en-europa\/\",\"name\":\"El EDITION de RL, premio a la mejor transformaci\u00f3n hotelera del a\u00f1o en Europa - Ruiz Larrea\",\"isPartOf\":{\"@id\":\"https:\/\/ruizlarrea.com\/en\/#website\"},\"datePublished\":\"2023-02-23T11:04:12+00:00\",\"dateModified\":\"2023-04-24T10:27:42+00:00\",\"breadcrumb\":{\"@id\":\"https:\/\/ruizlarrea.com\/el-edition-de-ruiz-larrea-premio-a-la-mejor-transformacion-hotelera-del-ano-en-europa\/#breadcrumb\"},\"inLanguage\":\"en-GB\",\"potentialAction\":[{\"@type\":\"ReadAction\",\"target\":[\"https:\/\/ruizlarrea.com\/el-edition-de-ruiz-larrea-premio-a-la-mejor-transformacion-hotelera-del-ano-en-europa\/\"]}]},{\"@type\":\"BreadcrumbList\",\"@id\":\"https:\/\/ruizlarrea.com\/el-edition-de-ruiz-larrea-premio-a-la-mejor-transformacion-hotelera-del-ano-en-europa\/#breadcrumb\",\"itemListElement\":[{\"@type\":\"ListItem\",\"position\":1,\"name\":\"Portada\",\"item\":\"https:\/\/ruizlarrea.com\/\"},{\"@type\":\"ListItem\",\"position\":2,\"name\":\"El EDITION de Ruiz-Larrea, premio a la mejor transformaci\u00f3n hotelera del a\u00f1o en Europa\"}]},{\"@type\":\"WebSite\",\"@id\":\"https:\/\/ruizlarrea.com\/en\/#website\",\"url\":\"https:\/\/ruizlarrea.com\/en\/\",\"name\":\"2gv Arquitectura\",\"description\":\"Arquitectura\",\"publisher\":{\"@id\":\"https:\/\/ruizlarrea.com\/en\/#organization\"},\"potentialAction\":[{\"@type\":\"SearchAction\",\"target\":{\"@type\":\"EntryPoint\",\"urlTemplate\":\"https:\/\/ruizlarrea.com\/en\/?s={search_term_string}\"},\"query-input\":\"required name=search_term_string\"}],\"inLanguage\":\"en-GB\"},{\"@type\":\"Organization\",\"@id\":\"https:\/\/ruizlarrea.com\/en\/#organization\",\"name\":\"2GV\",\"url\":\"https:\/\/ruizlarrea.com\/en\/\",\"logo\":{\"@type\":\"ImageObject\",\"inLanguage\":\"en-GB\",\"@id\":\"https:\/\/ruizlarrea.com\/en\/#\/schema\/logo\/image\/\",\"url\":\"https:\/\/ruizlarrea.com\/wp-content\/uploads\/2019\/10\/2gv_-logo-color-negro-e1571069923777.png\",\"contentUrl\":\"https:\/\/ruizlarrea.com\/wp-content\/uploads\/2019\/10\/2gv_-logo-color-negro-e1571069923777.png\",\"width\":150,\"height\":113,\"caption\":\"2GV\"},\"image\":{\"@id\":\"https:\/\/ruizlarrea.com\/en\/#\/schema\/logo\/image\/\"},\"sameAs\":[\"https:\/\/www.facebook.com\/2gvArquitectura\/\",\"https:\/\/www.instagram.com\/2gv_arq\/\",\"https:\/\/www.linkedin.com\/company\/dosgeuvearquitectura-s.l.p.\"]},{\"@type\":\"Person\",\"@id\":\"https:\/\/ruizlarrea.com\/en\/#\/schema\/person\/ca9cc31ed230229a58508c1d370fc4e2\",\"name\":\"2gvarquitectura\",\"image\":{\"@type\":\"ImageObject\",\"inLanguage\":\"en-GB\",\"@id\":\"https:\/\/ruizlarrea.com\/en\/#\/schema\/person\/image\/\",\"url\":\"https:\/\/secure.gravatar.com\/avatar\/99dd647ed9e1b8b4f8077d1a9de3e451?s=96&d=mm&r=g\",\"contentUrl\":\"https:\/\/secure.gravatar.com\/avatar\/99dd647ed9e1b8b4f8077d1a9de3e451?s=96&d=mm&r=g\",\"caption\":\"2gvarquitectura\"}}]}<\/script>\n<!-- \/ Yoast SEO plugin. -->","yoast_head_json":{"title":"El EDITION de RL, premio a la mejor transformaci\u00f3n hotelera del a\u00f1o en Europa - Ruiz Larrea","robots":{"index":"index","follow":"follow","max-snippet":"max-snippet:-1","max-image-preview":"max-image-preview:large","max-video-preview":"max-video-preview:-1"},"canonical":"https:\/\/ruizlarrea.com\/en\/el-edition-de-ruiz-larrea-premio-a-la-mejor-transformacion-hotelera-del-ano-en-europa\/","og_locale":"en_GB","og_type":"article","og_title":"El EDITION de RL, premio a la mejor transformaci\u00f3n hotelera del a\u00f1o en Europa - Ruiz Larrea","og_description":"El EDITION de Ruiz-larrea, premio a la mejor transformaci\u00f3n hotelera del a\u00f1o en Europa La reconversi\u00f3n de oficinas a hotel de lujo ejecutada por Ruiz-Larrea Arquitectura y OAB suma cinco reconocimientos desde su apertura en la primavera de 2022. Madrid, [&hellip;]","og_url":"https:\/\/ruizlarrea.com\/en\/el-edition-de-ruiz-larrea-premio-a-la-mejor-transformacion-hotelera-del-ano-en-europa\/","og_site_name":"Ruiz Larrea","article_publisher":"https:\/\/www.facebook.com\/2gvArquitectura\/","article_published_time":"2023-02-23T11:04:12+00:00","article_modified_time":"2023-04-24T10:27:42+00:00","og_image":[{"width":1920,"height":1536,"url":"https:\/\/ruizlarrea.com\/wp-content\/uploads\/2023\/02\/EDITION-3.jpg","type":"image\/jpeg"}],"author":"2gvarquitectura","twitter_card":"summary_large_image","twitter_misc":{"Written by":"2gvarquitectura","Estimated reading time":"4 minutes"},"schema":{"@context":"https:\/\/schema.org","@graph":[{"@type":"Article","@id":"https:\/\/ruizlarrea.com\/el-edition-de-ruiz-larrea-premio-a-la-mejor-transformacion-hotelera-del-ano-en-europa\/#article","isPartOf":{"@id":"https:\/\/ruizlarrea.com\/el-edition-de-ruiz-larrea-premio-a-la-mejor-transformacion-hotelera-del-ano-en-europa\/"},"author":{"name":"2gvarquitectura","@id":"https:\/\/ruizlarrea.com\/en\/#\/schema\/person\/ca9cc31ed230229a58508c1d370fc4e2"},"headline":"El EDITION de RL, premio a la mejor transformaci\u00f3n hotelera del a\u00f1o en Europa","datePublished":"2023-02-23T11:04:12+00:00","dateModified":"2023-04-24T10:27:42+00:00","mainEntityOfPage":{"@id":"https:\/\/ruizlarrea.com\/el-edition-de-ruiz-larrea-premio-a-la-mejor-transformacion-hotelera-del-ano-en-europa\/"},"wordCount":851,"publisher":{"@id":"https:\/\/ruizlarrea.com\/en\/#organization"},"keywords":["comunicaci\u00f3n"],"articleSection":["Oficinas"],"inLanguage":"en-GB"},{"@type":"WebPage","@id":"https:\/\/ruizlarrea.com\/el-edition-de-ruiz-larrea-premio-a-la-mejor-transformacion-hotelera-del-ano-en-europa\/","url":"https:\/\/ruizlarrea.com\/el-edition-de-ruiz-larrea-premio-a-la-mejor-transformacion-hotelera-del-ano-en-europa\/","name":"El EDITION de RL, premio a la mejor transformaci\u00f3n hotelera del a\u00f1o en Europa - Ruiz Larrea","isPartOf":{"@id":"https:\/\/ruizlarrea.com\/en\/#website"},"datePublished":"2023-02-23T11:04:12+00:00","dateModified":"2023-04-24T10:27:42+00:00","breadcrumb":{"@id":"https:\/\/ruizlarrea.com\/el-edition-de-ruiz-larrea-premio-a-la-mejor-transformacion-hotelera-del-ano-en-europa\/#breadcrumb"},"inLanguage":"en-GB","potentialAction":[{"@type":"ReadAction","target":["https:\/\/ruizlarrea.com\/el-edition-de-ruiz-larrea-premio-a-la-mejor-transformacion-hotelera-del-ano-en-europa\/"]}]},{"@type":"BreadcrumbList","@id":"https:\/\/ruizlarrea.com\/el-edition-de-ruiz-larrea-premio-a-la-mejor-transformacion-hotelera-del-ano-en-europa\/#breadcrumb","itemListElement":[{"@type":"ListItem","position":1,"name":"Portada","item":"https:\/\/ruizlarrea.com\/"},{"@type":"ListItem","position":2,"name":"El EDITION de Ruiz-Larrea, premio a la mejor transformaci\u00f3n hotelera del a\u00f1o en Europa"}]},{"@type":"WebSite","@id":"https:\/\/ruizlarrea.com\/en\/#website","url":"https:\/\/ruizlarrea.com\/en\/","name":"2gv Arquitectura","description":"Arquitectura","publisher":{"@id":"https:\/\/ruizlarrea.com\/en\/#organization"},"potentialAction":[{"@type":"SearchAction","target":{"@type":"EntryPoint","urlTemplate":"https:\/\/ruizlarrea.com\/en\/?s={search_term_string}"},"query-input":"required name=search_term_string"}],"inLanguage":"en-GB"},{"@type":"Organization","@id":"https:\/\/ruizlarrea.com\/en\/#organization","name":"2GV","url":"https:\/\/ruizlarrea.com\/en\/","logo":{"@type":"ImageObject","inLanguage":"en-GB","@id":"https:\/\/ruizlarrea.com\/en\/#\/schema\/logo\/image\/","url":"https:\/\/ruizlarrea.com\/wp-content\/uploads\/2019\/10\/2gv_-logo-color-negro-e1571069923777.png","contentUrl":"https:\/\/ruizlarrea.com\/wp-content\/uploads\/2019\/10\/2gv_-logo-color-negro-e1571069923777.png","width":150,"height":113,"caption":"2GV"},"image":{"@id":"https:\/\/ruizlarrea.com\/en\/#\/schema\/logo\/image\/"},"sameAs":["https:\/\/www.facebook.com\/2gvArquitectura\/","https:\/\/www.instagram.com\/2gv_arq\/","https:\/\/www.linkedin.com\/company\/dosgeuvearquitectura-s.l.p."]},{"@type":"Person","@id":"https:\/\/ruizlarrea.com\/en\/#\/schema\/person\/ca9cc31ed230229a58508c1d370fc4e2","name":"2gvarquitectura","image":{"@type":"ImageObject","inLanguage":"en-GB","@id":"https:\/\/ruizlarrea.com\/en\/#\/schema\/person\/image\/","url":"https:\/\/secure.gravatar.com\/avatar\/99dd647ed9e1b8b4f8077d1a9de3e451?s=96&d=mm&r=g","contentUrl":"https:\/\/secure.gravatar.com\/avatar\/99dd647ed9e1b8b4f8077d1a9de3e451?s=96&d=mm&r=g","caption":"2gvarquitectura"}}]}},"_links":{"self":[{"href":"https:\/\/ruizlarrea.com\/en\/wp-json\/wp\/v2\/posts\/8878"}],"collection":[{"href":"https:\/\/ruizlarrea.com\/en\/wp-json\/wp\/v2\/posts"}],"about":[{"href":"https:\/\/ruizlarrea.com\/en\/wp-json\/wp\/v2\/types\/post"}],"author":[{"embeddable":true,"href":"https:\/\/ruizlarrea.com\/en\/wp-json\/wp\/v2\/users\/1"}],"replies":[{"embeddable":true,"href":"https:\/\/ruizlarrea.com\/en\/wp-json\/wp\/v2\/comments?post=8878"}],"version-history":[{"count":13,"href":"https:\/\/ruizlarrea.com\/en\/wp-json\/wp\/v2\/posts\/8878\/revisions"}],"predecessor-version":[{"id":9176,"href":"https:\/\/ruizlarrea.com\/en\/wp-json\/wp\/v2\/posts\/8878\/revisions\/9176"}],"wp:featuredmedia":[{"embeddable":true,"href":"https:\/\/ruizlarrea.com\/en\/wp-json\/wp\/v2\/media\/8880"}],"wp:attachment":[{"href":"https:\/\/ruizlarrea.com\/en\/wp-json\/wp\/v2\/media?parent=8878"}],"wp:term":[{"taxonomy":"category","embeddable":true,"href":"https:\/\/ruizlarrea.com\/en\/wp-json\/wp\/v2\/categories?post=8878"},{"taxonomy":"post_tag","embeddable":true,"href":"https:\/\/ruizlarrea.com\/en\/wp-json\/wp\/v2\/tags?post=8878"}],"curies":[{"name":"wp","href":"https:\/\/api.w.org\/{rel}","templated":true}]}}