{"id":8818,"date":"2024-06-27T13:50:23","date_gmt":"2024-06-27T11:50:23","guid":{"rendered":"https:\/\/ruizlarrea.com\/?p=8818"},"modified":"2024-06-27T14:17:29","modified_gmt":"2024-06-27T12:17:29","slug":"ca-noticia-madrid-barcelona","status":"publish","type":"post","link":"https:\/\/ruizlarrea.com\/en\/ca-noticia-madrid-barcelona\/","title":{"rendered":"noticia-madrid-barcelona"},"content":{"rendered":"<div data-elementor-type=\"wp-post\" data-elementor-id=\"8818\" class=\"elementor elementor-8818\">\n\t\t\t\t\t\t<div class=\"elementor-inner\">\n\t\t\t\t<div class=\"elementor-section-wrap\">\n\t\t\t\t\t\t\t\t\t<section class=\"elementor-section elementor-top-section elementor-element elementor-element-7f9f7d7 elementor-section-boxed elementor-section-height-default elementor-section-height-default\" data-id=\"7f9f7d7\" data-element_type=\"section\">\n\t\t\t\t\t\t<div class=\"elementor-container elementor-column-gap-default\">\n\t\t\t\t\t\t\t<div class=\"elementor-row\">\n\t\t\t\t\t<div class=\"elementor-column elementor-col-100 elementor-top-column elementor-element elementor-element-3e9e761\" data-id=\"3e9e761\" data-element_type=\"column\">\n\t\t\t<div class=\"elementor-column-wrap\">\n\t\t\t\t\t\t\t<div class=\"elementor-widget-wrap\">\n\t\t\t\t\t\t\t\t<\/div>\n\t\t\t\t\t<\/div>\n\t\t<\/div>\n\t\t\t\t\t\t\t\t<\/div>\n\t\t\t\t\t<\/div>\n\t\t<\/section>\n\t\t\t\t<section class=\"elementor-section elementor-top-section elementor-element elementor-element-930580c elementor-section-boxed elementor-section-height-default elementor-section-height-default\" data-id=\"930580c\" data-element_type=\"section\">\n\t\t\t\t\t\t<div class=\"elementor-container elementor-column-gap-default\">\n\t\t\t\t\t\t\t<div class=\"elementor-row\">\n\t\t\t\t\t<div class=\"elementor-column elementor-col-100 elementor-top-column elementor-element elementor-element-b0e0bb2\" data-id=\"b0e0bb2\" data-element_type=\"column\">\n\t\t\t<div class=\"elementor-column-wrap elementor-element-populated\">\n\t\t\t\t\t\t\t<div class=\"elementor-widget-wrap\">\n\t\t\t\t\t\t<div class=\"elementor-element elementor-element-5fd3111 elementor-widget elementor-widget-image\" data-id=\"5fd3111\" data-element_type=\"widget\" data-widget_type=\"image.default\">\n\t\t\t\t<div class=\"elementor-widget-container\">\n\t\t\t\t\t\t\t\t<div class=\"elementor-image\">\n\t\t\t\t\t\t\t\t\t\t\t\t<img decoding=\"async\" width=\"1024\" height=\"720\" src=\"https:\/\/ruizlarrea.com\/wp-content\/uploads\/2022\/11\/Captura-de-Pantalla-2022-11-24-a-les-15.54.10-1024x720.png\" class=\"attachment-large size-large\" alt=\"\" loading=\"lazy\" srcset=\"https:\/\/ruizlarrea.com\/wp-content\/uploads\/2022\/11\/Captura-de-Pantalla-2022-11-24-a-les-15.54.10-1024x720.png 1024w, https:\/\/ruizlarrea.com\/wp-content\/uploads\/2022\/11\/Captura-de-Pantalla-2022-11-24-a-les-15.54.10-300x211.png 300w, https:\/\/ruizlarrea.com\/wp-content\/uploads\/2022\/11\/Captura-de-Pantalla-2022-11-24-a-les-15.54.10-768x540.png 768w, https:\/\/ruizlarrea.com\/wp-content\/uploads\/2022\/11\/Captura-de-Pantalla-2022-11-24-a-les-15.54.10-18x12.png 18w, https:\/\/ruizlarrea.com\/wp-content\/uploads\/2022\/11\/Captura-de-Pantalla-2022-11-24-a-les-15.54.10-440x310.png 440w, https:\/\/ruizlarrea.com\/wp-content\/uploads\/2022\/11\/Captura-de-Pantalla-2022-11-24-a-les-15.54.10.png 1484w\" sizes=\"(max-width: 1024px) 100vw, 1024px\" \/>\t\t\t\t\t\t\t\t\t\t\t\t\t\t<\/div>\n\t\t\t\t\t\t<\/div>\n\t\t\t\t<\/div>\n\t\t\t\t<div class=\"elementor-element elementor-element-0bcf744 elementor-widget elementor-widget-spacer\" data-id=\"0bcf744\" data-element_type=\"widget\" data-widget_type=\"spacer.default\">\n\t\t\t\t<div class=\"elementor-widget-container\">\n\t\t\t\t\t<div class=\"elementor-spacer\">\n\t\t\t<div class=\"elementor-spacer-inner\"><\/div>\n\t\t<\/div>\n\t\t\t\t<\/div>\n\t\t\t\t<\/div>\n\t\t\t\t\t\t<\/div>\n\t\t\t\t\t<\/div>\n\t\t<\/div>\n\t\t\t\t\t\t\t\t<\/div>\n\t\t\t\t\t<\/div>\n\t\t<\/section>\n\t\t\t\t<section class=\"elementor-section elementor-top-section elementor-element elementor-element-a27095b elementor-section-boxed elementor-section-height-default elementor-section-height-default\" data-id=\"a27095b\" data-element_type=\"section\">\n\t\t\t\t\t\t<div class=\"elementor-container elementor-column-gap-default\">\n\t\t\t\t\t\t\t<div class=\"elementor-row\">\n\t\t\t\t\t<div class=\"elementor-column elementor-col-100 elementor-top-column elementor-element elementor-element-e460632\" data-id=\"e460632\" data-element_type=\"column\">\n\t\t\t<div class=\"elementor-column-wrap elementor-element-populated\">\n\t\t\t\t\t\t\t<div class=\"elementor-widget-wrap\">\n\t\t\t\t\t\t<div class=\"elementor-element elementor-element-7ba19e8 elementor-widget elementor-widget-text-editor\" data-id=\"7ba19e8\" data-element_type=\"widget\" data-widget_type=\"text-editor.default\">\n\t\t\t\t<div class=\"elementor-widget-container\">\n\t\t\t\t\t\t\t\t<div class=\"elementor-text-editor elementor-clearfix\">\n\t\t\t\t<h2>RLA y 2gv crean Ruiz-Larrea Arquitectura para transformar la edificaci\u00f3n<\/h2>\n<p><strong>La fusi\u00f3n alumbra una empresa global de servicios cuya columna vertebral ser\u00e1<\/strong>\u00a0<strong>R_lab, laboratorio de innovaci\u00f3n que se abre al sector para liderar su transformaci\u00f3n.<\/strong><\/p>\n<p><b>Madrid, 14\/11\/2022.-<\/b><span style=\"font-weight: 400;\"> Los estudios Ruiz-Larrea &amp; Asociados (RLA) y 2gv arquitectura se han unido para crear <\/span><b>Ruiz-Larrea Arquitectura<\/b><span style=\"font-weight: 400;\">, empresa global de servicios cuya columna central ser\u00e1 <\/span><b>R_lab<\/b><span style=\"font-weight: 400;\">, laboratorio de innovaci\u00f3n que se abre a instituciones, inversores e industria con el objetivo de liderar una nueva arquitectura eficaz, sostenible y rentable para el conjunto de la sociedad.<\/span><\/p>\n<p><span style=\"font-weight: 400;\">\u201cHoy evolucionamos con nuestros clientes y con la sociedad para impulsarles, para liderar las soluciones a los tremendos retos de un mundo que cambia a una velocidad vertiginosa. Y lo hacemos desde el inconformismo que siempre nos ha caracterizado, sumando fuerzas con un equipo formidable que llevar\u00e1 la innovaci\u00f3n a un nuevo nivel\u201d, subraya C\u00e9sar Ruiz-Larrea, fundador de RLA y presidente de la reci\u00e9n creada Ruiz-Larrea.<\/span><\/p>\n<p><span style=\"font-weight: 400;\">Para Felipe Vieites, cofundador de 2gv y nuevo CEO de Ruiz-Larrea, \u201cnuestra uni\u00f3n es un salto cualitativo en la concepci\u00f3n de los servicios de arquitectura\u201d. \u201cA una trayectoria internacionalmente reconocida en innovaci\u00f3n, sostenibilidad e industrializaci\u00f3n unimos un profundo conocimiento de las tendencias del mercado, as\u00ed como una s\u00f3lida visi\u00f3n empresarial. Agrupados en <\/span><b>R_lab<\/b><span style=\"font-weight: 400;\">, compartiendo nuestras habilidades con clientes e industria, superaremos las expectativas en la respuesta a las nuevas demandas de vivienda, oficinas, coliving, hoteles, dotacional, retail o log\u00edstica\u201d, a\u00f1ade Vieites.<\/span><\/p>\n<p><b><br \/><\/b><b>R_lab: disrupci\u00f3n y sostenibilidad<\/b><\/p>\n<p><span style=\"font-weight: 400;\">En esta nueva etapa, <\/span><b>R_lab<\/b><span style=\"font-weight: 400;\"> compartir\u00e1 con los agentes del sector sus m\u00e1s de 10 a\u00f1os de conocimientos acumulados y patentes para desarrollar en com\u00fan f\u00f3rmulas disruptivas que se anticipen a las necesidades de los clientes. <\/span><b>R_lab<\/b><span style=\"font-weight: 400;\"> priorizar\u00e1 \u00e1reas como la industrializaci\u00f3n de procesos, la descarbonizaci\u00f3n, la homeostasis urbana o la arquitectura corresponsable, entre otros.<\/span><\/p>\n<p><span style=\"font-weight: 400;\">La fusi\u00f3n nutre el nuevo pilar estrat\u00e9gico de la compa\u00f1\u00eda de un grupo intergeneracional de especialistas con una experiencia dilatada a nivel nacional e internacional en innovaci\u00f3n, eficiencia energ\u00e9tica o dise\u00f1o bioclim\u00e1tico bajo los sellos de sostenibilidad m\u00e1s demandados por el mercado (Passivhaus, LEED, BREEAM, WELL, VERDE).<\/span><\/p>\n<p><span style=\"font-weight: 400;\">Ruiz-Larrea Arquitectura se posiciona bajo esta nueva configuraci\u00f3n como una empresa l\u00edder en dise\u00f1o, asesor\u00eda y gesti\u00f3n urban\u00edstica, rehabilitaci\u00f3n, transformaci\u00f3n y rentabilizaci\u00f3n patrimonial y activos inmobiliarios de nueva generaci\u00f3n. La compa\u00f1\u00eda prestar\u00e1 estos servicios a nivel global desde sus sedes en Madrid y Barcelona.<\/span><\/p>\n<p><b><i>RLA<\/i><\/b><i><span style=\"font-weight: 400;\"> fue fundada en 1997 por <\/span><\/i><b><i>C\u00e9sar Ruiz-Larrea<\/i><\/b><i><span style=\"font-weight: 400;\">, arquitecto y urbanista seleccionado en la Bienal de Venecia y reconocido internacionalmente como pionero en bioclimatismo, industrializaci\u00f3n y dise\u00f1o de edificios de baja demanda energ\u00e9tica. Entre sus dise\u00f1os m\u00e1s destacados se encuentran el\u00a0Centro Nacional de Energ\u00edas Renovables, la Agencia Andaluza de la Energ\u00eda, la sede de Sogecable-Movistar Plus, el Hemiciclo Solar, Torre Cibeles (Banco de Espa\u00f1a), el residencial industrializado Carabanchel 34, la casa-palacio Castellana 19 o la transformaci\u00f3n junto a OAB\u00a0del antiguo Monte de Piedad de Madrid en el hotel de lujo The Madrid EDITION.<\/span><\/i><\/p>\n<p>\u00a0<\/p>\n<p><b><i>2gv arquitectura<\/i><\/b><i><span style=\"font-weight: 400;\"> fue fundada en Barcelona por <\/span><\/i><b><i>Felipe Vieites<\/i><\/b><i><span style=\"font-weight: 400;\"> y <\/span><\/i><b><i>Fernando Gil<\/i><\/b><i><span style=\"font-weight: 400;\">. Acumula 18 a\u00f1os de exitosa trayectoria al servicio de administraciones p\u00fablicas e inversores privados, con clientes como Vueling, Zurich, Altamira, Metrovacesa, Novartis, Sanofi, el Ayuntamiento de Barcelona o Infraestructures de la Generalitat de Catalunya.<\/span><\/i><\/p>\n<p><strong>\u00a0<\/strong><\/p>\n<p><strong>\u00a0<\/strong><\/p>\n<p><strong>More information, interviews or images:<\/strong><\/p>\n<p><span style=\"font-weight: 400;\">\u00c1ngel Calleja, director de Comunicaci\u00f3n y Relaciones Institucionales<\/span><\/p>\n<p><a href=\"mailto:a.calleja@ruizlarrea.com\"><span style=\"font-weight: 400;\">a.calleja@ruizlarrea.com<\/span><\/a><span style=\"font-weight: 400;\"> \/ +34 671 150 201<\/span><\/p>\t\t\t\t\t<\/div>\n\t\t\t\t\t\t<\/div>\n\t\t\t\t<\/div>\n\t\t\t\t\t\t<\/div>\n\t\t\t\t\t<\/div>\n\t\t<\/div>\n\t\t\t\t\t\t\t\t<\/div>\n\t\t\t\t\t<\/div>\n\t\t<\/section>\n\t\t\t\t<section class=\"elementor-section elementor-top-section elementor-element elementor-element-4251d7f elementor-section-boxed elementor-section-height-default elementor-section-height-default\" data-id=\"4251d7f\" data-element_type=\"section\">\n\t\t\t\t\t\t<div class=\"elementor-container elementor-column-gap-default\">\n\t\t\t\t\t\t\t<div class=\"elementor-row\">\n\t\t\t\t\t<div class=\"elementor-column elementor-col-100 elementor-top-column elementor-element elementor-element-0cbcb62\" data-id=\"0cbcb62\" data-element_type=\"column\">\n\t\t\t<div class=\"elementor-column-wrap elementor-element-populated\">\n\t\t\t\t\t\t\t<div class=\"elementor-widget-wrap\">\n\t\t\t\t\t\t<div class=\"elementor-element elementor-element-657a243 elementor-widget elementor-widget-spacer\" data-id=\"657a243\" data-element_type=\"widget\" data-widget_type=\"spacer.default\">\n\t\t\t\t<div class=\"elementor-widget-container\">\n\t\t\t\t\t<div class=\"elementor-spacer\">\n\t\t\t<div class=\"elementor-spacer-inner\"><\/div>\n\t\t<\/div>\n\t\t\t\t<\/div>\n\t\t\t\t<\/div>\n\t\t\t\t<div class=\"elementor-element elementor-element-a0d1292 elementor-align-center elementor-widget elementor-widget-button\" data-id=\"a0d1292\" data-element_type=\"widget\" data-widget_type=\"button.default\">\n\t\t\t\t<div class=\"elementor-widget-container\">\n\t\t\t\t\t<div class=\"elementor-button-wrapper\">\n\t\t\t<a href=\"https:\/\/ruizlarrea.com\/en\/comunicacion-prensa\/\" class=\"elementor-button-link elementor-button elementor-size-sm\" role=\"button\">\n\t\t\t\t\t\t<span class=\"elementor-button-content-wrapper\">\n\t\t\t\t\t\t\t<span class=\"elementor-button-icon elementor-align-icon-left\">\n\t\t\t\t<i aria-hidden=\"true\" class=\"fas fa-angle-left\"><\/i>\t\t\t<\/span>\n\t\t\t\t\t\t<span class=\"elementor-button-text\">Comunicaci\u00f3n<\/span>\n\t\t<\/span>\n\t\t\t\t\t<\/a>\n\t\t<\/div>\n\t\t\t\t<\/div>\n\t\t\t\t<\/div>\n\t\t\t\t\t\t<\/div>\n\t\t\t\t\t<\/div>\n\t\t<\/div>\n\t\t\t\t\t\t\t\t<\/div>\n\t\t\t\t\t<\/div>\n\t\t<\/section>\n\t\t\t\t<section class=\"elementor-section elementor-top-section elementor-element elementor-element-2581f95 elementor-section-boxed elementor-section-height-default elementor-section-height-default\" data-id=\"2581f95\" data-element_type=\"section\">\n\t\t\t\t\t\t<div class=\"elementor-container elementor-column-gap-default\">\n\t\t\t\t\t\t\t<div class=\"elementor-row\">\n\t\t\t\t\t<div class=\"elementor-column elementor-col-100 elementor-top-column elementor-element elementor-element-ab4dba0\" data-id=\"ab4dba0\" data-element_type=\"column\">\n\t\t\t<div class=\"elementor-column-wrap\">\n\t\t\t\t\t\t\t<div class=\"elementor-widget-wrap\">\n\t\t\t\t\t\t\t\t<\/div>\n\t\t\t\t\t<\/div>\n\t\t<\/div>\n\t\t\t\t\t\t\t\t<\/div>\n\t\t\t\t\t<\/div>\n\t\t<\/section>\n\t\t\t\t\t\t\t\t\t<\/div>\n\t\t\t<\/div>\n\t\t\t\t\t<\/div>","protected":false},"excerpt":{"rendered":"<p>RLA y 2gv crean Ruiz-Larrea Arquitectura para transformar la edificaci\u00f3n La fusi\u00f3n alumbra una empresa global de servicios cuya columna vertebral ser\u00e1&nbsp;R_lab, laboratorio de innovaci\u00f3n que se abre al sector para liderar su transformaci\u00f3n. Madrid, 14\/11\/2022.- Los estudios Ruiz-Larrea &amp; [&hellip;]<\/p>","protected":false},"author":1,"featured_media":8806,"comment_status":"closed","ping_status":"open","sticky":false,"template":"elementor_header_footer","format":"standard","meta":[],"categories":[19],"tags":[32],"yoast_head":"<!-- This site is optimized with the Yoast SEO plugin v20.2 - https:\/\/yoast.com\/wordpress\/plugins\/seo\/ -->\n<title>noticia-madrid-barcelona - Ruiz Larrea<\/title>\n<meta name=\"description\" content=\"Ruiz Larrea noticia-madrid-barcelona Oficinas\" \/>\n<meta name=\"robots\" content=\"index, follow, max-snippet:-1, max-image-preview:large, max-video-preview:-1\" \/>\n<link rel=\"canonical\" href=\"https:\/\/ruizlarrea.com\/en\/ca-noticia-madrid-barcelona\/\" \/>\n<meta property=\"og:locale\" content=\"en_GB\" \/>\n<meta property=\"og:type\" content=\"article\" \/>\n<meta property=\"og:title\" content=\"noticia-madrid-barcelona - Ruiz Larrea\" \/>\n<meta property=\"og:description\" content=\"Ruiz Larrea noticia-madrid-barcelona Oficinas\" \/>\n<meta property=\"og:url\" content=\"https:\/\/ruizlarrea.com\/en\/ca-noticia-madrid-barcelona\/\" \/>\n<meta property=\"og:site_name\" content=\"Ruiz Larrea\" \/>\n<meta property=\"article:publisher\" content=\"https:\/\/www.facebook.com\/2gvArquitectura\/\" \/>\n<meta property=\"article:published_time\" content=\"2024-06-27T11:50:23+00:00\" \/>\n<meta property=\"article:modified_time\" content=\"2024-06-27T12:17:29+00:00\" \/>\n<meta property=\"og:image\" content=\"https:\/\/ruizlarrea.com\/wp-content\/uploads\/2022\/11\/Captura-de-Pantalla-2022-11-24-a-les-15.54.10.png\" \/>\n\t<meta property=\"og:image:width\" content=\"1484\" \/>\n\t<meta property=\"og:image:height\" content=\"1044\" \/>\n\t<meta property=\"og:image:type\" content=\"image\/png\" \/>\n<meta name=\"author\" content=\"2gvarquitectura\" \/>\n<meta name=\"twitter:card\" content=\"summary_large_image\" \/>\n<meta name=\"twitter:label1\" content=\"Written by\" \/>\n\t<meta name=\"twitter:data1\" content=\"2gvarquitectura\" \/>\n\t<meta name=\"twitter:label2\" content=\"Estimated reading time\" \/>\n\t<meta name=\"twitter:data2\" content=\"3 minutes\" \/>\n<script type=\"application\/ld+json\" class=\"yoast-schema-graph\">{\"@context\":\"https:\/\/schema.org\",\"@graph\":[{\"@type\":\"Article\",\"@id\":\"https:\/\/ruizlarrea.com\/ca-noticia-madrid-barcelona\/#article\",\"isPartOf\":{\"@id\":\"https:\/\/ruizlarrea.com\/ca-noticia-madrid-barcelona\/\"},\"author\":{\"name\":\"2gvarquitectura\",\"@id\":\"https:\/\/ruizlarrea.com\/en\/#\/schema\/person\/ca9cc31ed230229a58508c1d370fc4e2\"},\"headline\":\"noticia-madrid-barcelona\",\"datePublished\":\"2024-06-27T11:50:23+00:00\",\"dateModified\":\"2024-06-27T12:17:29+00:00\",\"mainEntityOfPage\":{\"@id\":\"https:\/\/ruizlarrea.com\/ca-noticia-madrid-barcelona\/\"},\"wordCount\":613,\"publisher\":{\"@id\":\"https:\/\/ruizlarrea.com\/en\/#organization\"},\"keywords\":[\"comunicaci\u00f3n\"],\"articleSection\":[\"Oficinas\"],\"inLanguage\":\"en-GB\"},{\"@type\":\"WebPage\",\"@id\":\"https:\/\/ruizlarrea.com\/ca-noticia-madrid-barcelona\/\",\"url\":\"https:\/\/ruizlarrea.com\/ca-noticia-madrid-barcelona\/\",\"name\":\"noticia-madrid-barcelona - Ruiz Larrea\",\"isPartOf\":{\"@id\":\"https:\/\/ruizlarrea.com\/en\/#website\"},\"datePublished\":\"2024-06-27T11:50:23+00:00\",\"dateModified\":\"2024-06-27T12:17:29+00:00\",\"description\":\"Ruiz Larrea noticia-madrid-barcelona Oficinas\",\"breadcrumb\":{\"@id\":\"https:\/\/ruizlarrea.com\/ca-noticia-madrid-barcelona\/#breadcrumb\"},\"inLanguage\":\"en-GB\",\"potentialAction\":[{\"@type\":\"ReadAction\",\"target\":[\"https:\/\/ruizlarrea.com\/ca-noticia-madrid-barcelona\/\"]}]},{\"@type\":\"BreadcrumbList\",\"@id\":\"https:\/\/ruizlarrea.com\/ca-noticia-madrid-barcelona\/#breadcrumb\",\"itemListElement\":[{\"@type\":\"ListItem\",\"position\":1,\"name\":\"Portada\",\"item\":\"https:\/\/ruizlarrea.com\/\"},{\"@type\":\"ListItem\",\"position\":2,\"name\":\"noticia-madrid-barcelona\"}]},{\"@type\":\"WebSite\",\"@id\":\"https:\/\/ruizlarrea.com\/en\/#website\",\"url\":\"https:\/\/ruizlarrea.com\/en\/\",\"name\":\"2gv Arquitectura\",\"description\":\"Arquitectura\",\"publisher\":{\"@id\":\"https:\/\/ruizlarrea.com\/en\/#organization\"},\"potentialAction\":[{\"@type\":\"SearchAction\",\"target\":{\"@type\":\"EntryPoint\",\"urlTemplate\":\"https:\/\/ruizlarrea.com\/en\/?s={search_term_string}\"},\"query-input\":\"required name=search_term_string\"}],\"inLanguage\":\"en-GB\"},{\"@type\":\"Organization\",\"@id\":\"https:\/\/ruizlarrea.com\/en\/#organization\",\"name\":\"2GV\",\"url\":\"https:\/\/ruizlarrea.com\/en\/\",\"logo\":{\"@type\":\"ImageObject\",\"inLanguage\":\"en-GB\",\"@id\":\"https:\/\/ruizlarrea.com\/en\/#\/schema\/logo\/image\/\",\"url\":\"https:\/\/ruizlarrea.com\/wp-content\/uploads\/2019\/10\/2gv_-logo-color-negro-e1571069923777.png\",\"contentUrl\":\"https:\/\/ruizlarrea.com\/wp-content\/uploads\/2019\/10\/2gv_-logo-color-negro-e1571069923777.png\",\"width\":150,\"height\":113,\"caption\":\"2GV\"},\"image\":{\"@id\":\"https:\/\/ruizlarrea.com\/en\/#\/schema\/logo\/image\/\"},\"sameAs\":[\"https:\/\/www.facebook.com\/2gvArquitectura\/\",\"https:\/\/www.instagram.com\/2gv_arq\/\",\"https:\/\/www.linkedin.com\/company\/dosgeuvearquitectura-s.l.p.\"]},{\"@type\":\"Person\",\"@id\":\"https:\/\/ruizlarrea.com\/en\/#\/schema\/person\/ca9cc31ed230229a58508c1d370fc4e2\",\"name\":\"2gvarquitectura\",\"image\":{\"@type\":\"ImageObject\",\"inLanguage\":\"en-GB\",\"@id\":\"https:\/\/ruizlarrea.com\/en\/#\/schema\/person\/image\/\",\"url\":\"https:\/\/secure.gravatar.com\/avatar\/99dd647ed9e1b8b4f8077d1a9de3e451?s=96&d=mm&r=g\",\"contentUrl\":\"https:\/\/secure.gravatar.com\/avatar\/99dd647ed9e1b8b4f8077d1a9de3e451?s=96&d=mm&r=g\",\"caption\":\"2gvarquitectura\"}}]}<\/script>\n<!-- \/ Yoast SEO plugin. -->","yoast_head_json":{"title":"noticia-madrid-barcelona - Ruiz Larrea","description":"Ruiz Larrea noticia-madrid-barcelona Oficinas","robots":{"index":"index","follow":"follow","max-snippet":"max-snippet:-1","max-image-preview":"max-image-preview:large","max-video-preview":"max-video-preview:-1"},"canonical":"https:\/\/ruizlarrea.com\/en\/ca-noticia-madrid-barcelona\/","og_locale":"en_GB","og_type":"article","og_title":"noticia-madrid-barcelona - Ruiz Larrea","og_description":"Ruiz Larrea noticia-madrid-barcelona Oficinas","og_url":"https:\/\/ruizlarrea.com\/en\/ca-noticia-madrid-barcelona\/","og_site_name":"Ruiz Larrea","article_publisher":"https:\/\/www.facebook.com\/2gvArquitectura\/","article_published_time":"2024-06-27T11:50:23+00:00","article_modified_time":"2024-06-27T12:17:29+00:00","og_image":[{"width":1484,"height":1044,"url":"https:\/\/ruizlarrea.com\/wp-content\/uploads\/2022\/11\/Captura-de-Pantalla-2022-11-24-a-les-15.54.10.png","type":"image\/png"}],"author":"2gvarquitectura","twitter_card":"summary_large_image","twitter_misc":{"Written by":"2gvarquitectura","Estimated reading time":"3 minutes"},"schema":{"@context":"https:\/\/schema.org","@graph":[{"@type":"Article","@id":"https:\/\/ruizlarrea.com\/ca-noticia-madrid-barcelona\/#article","isPartOf":{"@id":"https:\/\/ruizlarrea.com\/ca-noticia-madrid-barcelona\/"},"author":{"name":"2gvarquitectura","@id":"https:\/\/ruizlarrea.com\/en\/#\/schema\/person\/ca9cc31ed230229a58508c1d370fc4e2"},"headline":"noticia-madrid-barcelona","datePublished":"2024-06-27T11:50:23+00:00","dateModified":"2024-06-27T12:17:29+00:00","mainEntityOfPage":{"@id":"https:\/\/ruizlarrea.com\/ca-noticia-madrid-barcelona\/"},"wordCount":613,"publisher":{"@id":"https:\/\/ruizlarrea.com\/en\/#organization"},"keywords":["comunicaci\u00f3n"],"articleSection":["Oficinas"],"inLanguage":"en-GB"},{"@type":"WebPage","@id":"https:\/\/ruizlarrea.com\/ca-noticia-madrid-barcelona\/","url":"https:\/\/ruizlarrea.com\/ca-noticia-madrid-barcelona\/","name":"noticia-madrid-barcelona - Ruiz Larrea","isPartOf":{"@id":"https:\/\/ruizlarrea.com\/en\/#website"},"datePublished":"2024-06-27T11:50:23+00:00","dateModified":"2024-06-27T12:17:29+00:00","description":"Ruiz Larrea noticia-madrid-barcelona Oficinas","breadcrumb":{"@id":"https:\/\/ruizlarrea.com\/ca-noticia-madrid-barcelona\/#breadcrumb"},"inLanguage":"en-GB","potentialAction":[{"@type":"ReadAction","target":["https:\/\/ruizlarrea.com\/ca-noticia-madrid-barcelona\/"]}]},{"@type":"BreadcrumbList","@id":"https:\/\/ruizlarrea.com\/ca-noticia-madrid-barcelona\/#breadcrumb","itemListElement":[{"@type":"ListItem","position":1,"name":"Portada","item":"https:\/\/ruizlarrea.com\/"},{"@type":"ListItem","position":2,"name":"noticia-madrid-barcelona"}]},{"@type":"WebSite","@id":"https:\/\/ruizlarrea.com\/en\/#website","url":"https:\/\/ruizlarrea.com\/en\/","name":"2gv Arquitectura","description":"Arquitectura","publisher":{"@id":"https:\/\/ruizlarrea.com\/en\/#organization"},"potentialAction":[{"@type":"SearchAction","target":{"@type":"EntryPoint","urlTemplate":"https:\/\/ruizlarrea.com\/en\/?s={search_term_string}"},"query-input":"required name=search_term_string"}],"inLanguage":"en-GB"},{"@type":"Organization","@id":"https:\/\/ruizlarrea.com\/en\/#organization","name":"2GV","url":"https:\/\/ruizlarrea.com\/en\/","logo":{"@type":"ImageObject","inLanguage":"en-GB","@id":"https:\/\/ruizlarrea.com\/en\/#\/schema\/logo\/image\/","url":"https:\/\/ruizlarrea.com\/wp-content\/uploads\/2019\/10\/2gv_-logo-color-negro-e1571069923777.png","contentUrl":"https:\/\/ruizlarrea.com\/wp-content\/uploads\/2019\/10\/2gv_-logo-color-negro-e1571069923777.png","width":150,"height":113,"caption":"2GV"},"image":{"@id":"https:\/\/ruizlarrea.com\/en\/#\/schema\/logo\/image\/"},"sameAs":["https:\/\/www.facebook.com\/2gvArquitectura\/","https:\/\/www.instagram.com\/2gv_arq\/","https:\/\/www.linkedin.com\/company\/dosgeuvearquitectura-s.l.p."]},{"@type":"Person","@id":"https:\/\/ruizlarrea.com\/en\/#\/schema\/person\/ca9cc31ed230229a58508c1d370fc4e2","name":"2gvarquitectura","image":{"@type":"ImageObject","inLanguage":"en-GB","@id":"https:\/\/ruizlarrea.com\/en\/#\/schema\/person\/image\/","url":"https:\/\/secure.gravatar.com\/avatar\/99dd647ed9e1b8b4f8077d1a9de3e451?s=96&d=mm&r=g","contentUrl":"https:\/\/secure.gravatar.com\/avatar\/99dd647ed9e1b8b4f8077d1a9de3e451?s=96&d=mm&r=g","caption":"2gvarquitectura"}}]}},"_links":{"self":[{"href":"https:\/\/ruizlarrea.com\/en\/wp-json\/wp\/v2\/posts\/8818"}],"collection":[{"href":"https:\/\/ruizlarrea.com\/en\/wp-json\/wp\/v2\/posts"}],"about":[{"href":"https:\/\/ruizlarrea.com\/en\/wp-json\/wp\/v2\/types\/post"}],"author":[{"embeddable":true,"href":"https:\/\/ruizlarrea.com\/en\/wp-json\/wp\/v2\/users\/1"}],"replies":[{"embeddable":true,"href":"https:\/\/ruizlarrea.com\/en\/wp-json\/wp\/v2\/comments?post=8818"}],"version-history":[{"count":5,"href":"https:\/\/ruizlarrea.com\/en\/wp-json\/wp\/v2\/posts\/8818\/revisions"}],"predecessor-version":[{"id":9695,"href":"https:\/\/ruizlarrea.com\/en\/wp-json\/wp\/v2\/posts\/8818\/revisions\/9695"}],"wp:featuredmedia":[{"embeddable":true,"href":"https:\/\/ruizlarrea.com\/en\/wp-json\/wp\/v2\/media\/8806"}],"wp:attachment":[{"href":"https:\/\/ruizlarrea.com\/en\/wp-json\/wp\/v2\/media?parent=8818"}],"wp:term":[{"taxonomy":"category","embeddable":true,"href":"https:\/\/ruizlarrea.com\/en\/wp-json\/wp\/v2\/categories?post=8818"},{"taxonomy":"post_tag","embeddable":true,"href":"https:\/\/ruizlarrea.com\/en\/wp-json\/wp\/v2\/tags?post=8818"}],"curies":[{"name":"wp","href":"https:\/\/api.w.org\/{rel}","templated":true}]}}