{"id":8277,"date":"2020-07-02T10:49:33","date_gmt":"2020-07-02T08:49:33","guid":{"rendered":"https:\/\/ruizlarrea.com\/?p=8277"},"modified":"2021-12-02T13:16:04","modified_gmt":"2021-12-02T12:16:04","slug":"iglesia-san-rafael","status":"publish","type":"post","link":"https:\/\/ruizlarrea.com\/en\/iglesia-san-rafael\/","title":{"rendered":"Iglesia San Rafael"},"content":{"rendered":"<div data-elementor-type=\"wp-post\" data-elementor-id=\"8277\" class=\"elementor elementor-8277\">\n\t\t\t\t\t\t<div class=\"elementor-inner\">\n\t\t\t\t<div class=\"elementor-section-wrap\">\n\t\t\t\t\t\t\t\t\t<section class=\"elementor-section elementor-top-section elementor-element elementor-element-58b7797 elementor-section-full_width elementor-section-height-default elementor-section-height-default\" data-id=\"58b7797\" data-element_type=\"section\">\n\t\t\t\t\t\t<div class=\"elementor-container elementor-column-gap-default\">\n\t\t\t\t\t\t\t<div class=\"elementor-row\">\n\t\t\t\t\t<div class=\"elementor-column elementor-col-100 elementor-top-column elementor-element elementor-element-f175bfc\" data-id=\"f175bfc\" data-element_type=\"column\">\n\t\t\t<div class=\"elementor-column-wrap elementor-element-populated\">\n\t\t\t\t\t\t\t<div class=\"elementor-widget-wrap\">\n\t\t\t\t\t\t<div class=\"elementor-element elementor-element-59a8439 elementor-widget elementor-widget-image\" data-id=\"59a8439\" data-element_type=\"widget\" data-widget_type=\"image.default\">\n\t\t\t\t<div class=\"elementor-widget-container\">\n\t\t\t\t\t\t\t\t<div class=\"elementor-image\">\n\t\t\t\t\t\t\t\t\t\t\t\t<img decoding=\"async\" width=\"2000\" height=\"1706\" src=\"https:\/\/ruizlarrea.com\/wp-content\/uploads\/2021\/12\/san_rafael_alta_web-3.jpg\" class=\"attachment-full size-full\" alt=\"\" loading=\"lazy\" srcset=\"https:\/\/ruizlarrea.com\/wp-content\/uploads\/2021\/12\/san_rafael_alta_web-3.jpg 2000w, https:\/\/ruizlarrea.com\/wp-content\/uploads\/2021\/12\/san_rafael_alta_web-3-300x256.jpg 300w, https:\/\/ruizlarrea.com\/wp-content\/uploads\/2021\/12\/san_rafael_alta_web-3-1024x873.jpg 1024w, https:\/\/ruizlarrea.com\/wp-content\/uploads\/2021\/12\/san_rafael_alta_web-3-768x655.jpg 768w, https:\/\/ruizlarrea.com\/wp-content\/uploads\/2021\/12\/san_rafael_alta_web-3-1536x1310.jpg 1536w, https:\/\/ruizlarrea.com\/wp-content\/uploads\/2021\/12\/san_rafael_alta_web-3-14x12.jpg 14w, https:\/\/ruizlarrea.com\/wp-content\/uploads\/2021\/12\/san_rafael_alta_web-3-440x375.jpg 440w\" sizes=\"(max-width: 2000px) 100vw, 2000px\" \/>\t\t\t\t\t\t\t\t\t\t\t\t\t\t<\/div>\n\t\t\t\t\t\t<\/div>\n\t\t\t\t<\/div>\n\t\t\t\t\t\t<\/div>\n\t\t\t\t\t<\/div>\n\t\t<\/div>\n\t\t\t\t\t\t\t\t<\/div>\n\t\t\t\t\t<\/div>\n\t\t<\/section>\n\t\t\t\t<section class=\"elementor-section elementor-top-section elementor-element elementor-element-2b867ba elementor-section-boxed elementor-section-height-default elementor-section-height-default\" data-id=\"2b867ba\" data-element_type=\"section\">\n\t\t\t\t\t\t<div class=\"elementor-container elementor-column-gap-default\">\n\t\t\t\t\t\t\t<div class=\"elementor-row\">\n\t\t\t\t\t<div class=\"elementor-column elementor-col-100 elementor-top-column elementor-element elementor-element-f57dec7\" data-id=\"f57dec7\" data-element_type=\"column\">\n\t\t\t<div class=\"elementor-column-wrap elementor-element-populated\">\n\t\t\t\t\t\t\t<div class=\"elementor-widget-wrap\">\n\t\t\t\t\t\t<div class=\"elementor-element elementor-element-d54bbe1 elementor-widget elementor-widget-spacer\" data-id=\"d54bbe1\" data-element_type=\"widget\" data-widget_type=\"spacer.default\">\n\t\t\t\t<div class=\"elementor-widget-container\">\n\t\t\t\t\t<div class=\"elementor-spacer\">\n\t\t\t<div class=\"elementor-spacer-inner\"><\/div>\n\t\t<\/div>\n\t\t\t\t<\/div>\n\t\t\t\t<\/div>\n\t\t\t\t\t\t<\/div>\n\t\t\t\t\t<\/div>\n\t\t<\/div>\n\t\t\t\t\t\t\t\t<\/div>\n\t\t\t\t\t<\/div>\n\t\t<\/section>\n\t\t\t\t<section class=\"elementor-section elementor-top-section elementor-element elementor-element-7b1b847 elementor-section-full_width elementor-section-height-default elementor-section-height-default\" data-id=\"7b1b847\" data-element_type=\"section\">\n\t\t\t\t\t\t<div class=\"elementor-container elementor-column-gap-default\">\n\t\t\t\t\t\t\t<div class=\"elementor-row\">\n\t\t\t\t\t<div class=\"elementor-column elementor-col-100 elementor-top-column elementor-element elementor-element-9d2f2ff\" data-id=\"9d2f2ff\" data-element_type=\"column\">\n\t\t\t<div class=\"elementor-column-wrap elementor-element-populated\">\n\t\t\t\t\t\t\t<div class=\"elementor-widget-wrap\">\n\t\t\t\t\t\t<div class=\"elementor-element elementor-element-bd6045b elementor-widget elementor-widget-gallery\" data-id=\"bd6045b\" data-element_type=\"widget\" data-settings=\"{&quot;gap&quot;:{&quot;unit&quot;:&quot;px&quot;,&quot;size&quot;:7,&quot;sizes&quot;:[]},&quot;columns&quot;:3,&quot;lazyload&quot;:&quot;yes&quot;,&quot;gallery_layout&quot;:&quot;grid&quot;,&quot;columns_tablet&quot;:2,&quot;columns_mobile&quot;:1,&quot;gap_tablet&quot;:{&quot;unit&quot;:&quot;px&quot;,&quot;size&quot;:10,&quot;sizes&quot;:[]},&quot;gap_mobile&quot;:{&quot;unit&quot;:&quot;px&quot;,&quot;size&quot;:10,&quot;sizes&quot;:[]},&quot;link_to&quot;:&quot;file&quot;,&quot;aspect_ratio&quot;:&quot;3:2&quot;,&quot;overlay_background&quot;:&quot;yes&quot;,&quot;content_hover_animation&quot;:&quot;fade-in&quot;}\" data-widget_type=\"gallery.default\">\n\t\t\t\t<div class=\"elementor-widget-container\">\n\t\t\t\t\t<div class=\"elementor-gallery__container\">\n\t\t\t\t\t\t\t<a class=\"e-gallery-item elementor-gallery-item elementor-animated-content\" href=\"https:\/\/ruizlarrea.com\/wp-content\/uploads\/2021\/12\/san_rafael_alta_web-7-e1638523442409.jpg\" data-elementor-open-lightbox=\"yes\" data-elementor-lightbox-slideshow=\"all-bd6045b\" e-action-hash=\"#elementor-action%3Aaction%3Dlightbox%26settings%3DeyJpZCI6ODI3OCwidXJsIjoiaHR0cHM6XC9cL3J1aXpsYXJyZWEuY29tXC93cC1jb250ZW50XC91cGxvYWRzXC8yMDIxXC8xMlwvc2FuX3JhZmFlbF9hbHRhX3dlYi03LWUxNjM4NTIzNDQyNDA5LmpwZyIsInNsaWRlc2hvdyI6ImFsbC1iZDYwNDViIn0%3D\">\n\t\t\t\t\t<div class=\"e-gallery-image elementor-gallery-item__image\" data-thumbnail=\"https:\/\/ruizlarrea.com\/wp-content\/uploads\/2021\/12\/san_rafael_alta_web-7-e1638523442409-1125x1536.jpg\" data-width=\"1125\" data-height=\"1536\" alt=\"\" ><\/div>\n\t\t\t\t\t\t\t\t\t\t\t<div class=\"elementor-gallery-item__overlay\"><\/div>\n\t\t\t\t\t\t\t\t\t\t\t\t\t\t<\/a>\n\t\t\t\t\t\t\t<a class=\"e-gallery-item elementor-gallery-item elementor-animated-content\" href=\"https:\/\/ruizlarrea.com\/wp-content\/uploads\/2021\/12\/san_rafael_alta_web-5.jpg\" data-elementor-open-lightbox=\"yes\" data-elementor-lightbox-slideshow=\"all-bd6045b\" e-action-hash=\"#elementor-action%3Aaction%3Dlightbox%26settings%3DeyJpZCI6ODI4MCwidXJsIjoiaHR0cHM6XC9cL3J1aXpsYXJyZWEuY29tXC93cC1jb250ZW50XC91cGxvYWRzXC8yMDIxXC8xMlwvc2FuX3JhZmFlbF9hbHRhX3dlYi01LmpwZyIsInNsaWRlc2hvdyI6ImFsbC1iZDYwNDViIn0%3D\">\n\t\t\t\t\t<div class=\"e-gallery-image elementor-gallery-item__image\" data-thumbnail=\"https:\/\/ruizlarrea.com\/wp-content\/uploads\/2021\/12\/san_rafael_alta_web-5-1536x1469.jpg\" data-width=\"1536\" data-height=\"1469\" alt=\"\" ><\/div>\n\t\t\t\t\t\t\t\t\t\t\t<div class=\"elementor-gallery-item__overlay\"><\/div>\n\t\t\t\t\t\t\t\t\t\t\t\t\t\t<\/a>\n\t\t\t\t\t\t\t<a class=\"e-gallery-item elementor-gallery-item elementor-animated-content\" href=\"https:\/\/ruizlarrea.com\/wp-content\/uploads\/2021\/12\/san_rafael_alta_web-4.jpg\" data-elementor-open-lightbox=\"yes\" data-elementor-lightbox-slideshow=\"all-bd6045b\" e-action-hash=\"#elementor-action%3Aaction%3Dlightbox%26settings%3DeyJpZCI6ODI4MSwidXJsIjoiaHR0cHM6XC9cL3J1aXpsYXJyZWEuY29tXC93cC1jb250ZW50XC91cGxvYWRzXC8yMDIxXC8xMlwvc2FuX3JhZmFlbF9hbHRhX3dlYi00LmpwZyIsInNsaWRlc2hvdyI6ImFsbC1iZDYwNDViIn0%3D\">\n\t\t\t\t\t<div class=\"e-gallery-image elementor-gallery-item__image\" data-thumbnail=\"https:\/\/ruizlarrea.com\/wp-content\/uploads\/2021\/12\/san_rafael_alta_web-4-1442x1536.jpg\" data-width=\"1442\" data-height=\"1536\" alt=\"\" ><\/div>\n\t\t\t\t\t\t\t\t\t\t\t<div class=\"elementor-gallery-item__overlay\"><\/div>\n\t\t\t\t\t\t\t\t\t\t\t\t\t\t<\/a>\n\t\t\t\t\t\t\t<a class=\"e-gallery-item elementor-gallery-item elementor-animated-content\" href=\"https:\/\/ruizlarrea.com\/wp-content\/uploads\/2021\/12\/san_rafael_alta_web-2.jpg\" data-elementor-open-lightbox=\"yes\" data-elementor-lightbox-slideshow=\"all-bd6045b\" e-action-hash=\"#elementor-action%3Aaction%3Dlightbox%26settings%3DeyJpZCI6ODI4MiwidXJsIjoiaHR0cHM6XC9cL3J1aXpsYXJyZWEuY29tXC93cC1jb250ZW50XC91cGxvYWRzXC8yMDIxXC8xMlwvc2FuX3JhZmFlbF9hbHRhX3dlYi0yLmpwZyIsInNsaWRlc2hvdyI6ImFsbC1iZDYwNDViIn0%3D\">\n\t\t\t\t\t<div class=\"e-gallery-image elementor-gallery-item__image\" data-thumbnail=\"https:\/\/ruizlarrea.com\/wp-content\/uploads\/2021\/12\/san_rafael_alta_web-2-1536x680.jpg\" data-width=\"1536\" data-height=\"680\" alt=\"\" ><\/div>\n\t\t\t\t\t\t\t\t\t\t\t<div class=\"elementor-gallery-item__overlay\"><\/div>\n\t\t\t\t\t\t\t\t\t\t\t\t\t\t<\/a>\n\t\t\t\t\t\t\t<a class=\"e-gallery-item elementor-gallery-item elementor-animated-content\" href=\"https:\/\/ruizlarrea.com\/wp-content\/uploads\/2021\/12\/san_rafael_alta_web-3.jpg\" data-elementor-open-lightbox=\"yes\" data-elementor-lightbox-slideshow=\"all-bd6045b\" e-action-hash=\"#elementor-action%3Aaction%3Dlightbox%26settings%3DeyJpZCI6ODI4MywidXJsIjoiaHR0cHM6XC9cL3J1aXpsYXJyZWEuY29tXC93cC1jb250ZW50XC91cGxvYWRzXC8yMDIxXC8xMlwvc2FuX3JhZmFlbF9hbHRhX3dlYi0zLmpwZyIsInNsaWRlc2hvdyI6ImFsbC1iZDYwNDViIn0%3D\">\n\t\t\t\t\t<div class=\"e-gallery-image elementor-gallery-item__image\" data-thumbnail=\"https:\/\/ruizlarrea.com\/wp-content\/uploads\/2021\/12\/san_rafael_alta_web-3-1536x1310.jpg\" data-width=\"1536\" data-height=\"1310\" alt=\"\" ><\/div>\n\t\t\t\t\t\t\t\t\t\t\t<div class=\"elementor-gallery-item__overlay\"><\/div>\n\t\t\t\t\t\t\t\t\t\t\t\t\t\t<\/a>\n\t\t\t\t\t\t\t<a class=\"e-gallery-item elementor-gallery-item elementor-animated-content\" href=\"https:\/\/ruizlarrea.com\/wp-content\/uploads\/2021\/12\/san_rafael_alta_web.jpg\" data-elementor-open-lightbox=\"yes\" data-elementor-lightbox-slideshow=\"all-bd6045b\" e-action-hash=\"#elementor-action%3Aaction%3Dlightbox%26settings%3DeyJpZCI6ODI4NCwidXJsIjoiaHR0cHM6XC9cL3J1aXpsYXJyZWEuY29tXC93cC1jb250ZW50XC91cGxvYWRzXC8yMDIxXC8xMlwvc2FuX3JhZmFlbF9hbHRhX3dlYi5qcGciLCJzbGlkZXNob3ciOiJhbGwtYmQ2MDQ1YiJ9\">\n\t\t\t\t\t<div class=\"e-gallery-image elementor-gallery-item__image\" data-thumbnail=\"https:\/\/ruizlarrea.com\/wp-content\/uploads\/2021\/12\/san_rafael_alta_web-1024x1536.jpg\" data-width=\"1024\" data-height=\"1536\" alt=\"\" ><\/div>\n\t\t\t\t\t\t\t\t\t\t\t<div class=\"elementor-gallery-item__overlay\"><\/div>\n\t\t\t\t\t\t\t\t\t\t\t\t\t\t<\/a>\n\t\t\t\t\t<\/div>\n\t\t\t<\/div>\n\t\t\t\t<\/div>\n\t\t\t\t\t\t<\/div>\n\t\t\t\t\t<\/div>\n\t\t<\/div>\n\t\t\t\t\t\t\t\t<\/div>\n\t\t\t\t\t<\/div>\n\t\t<\/section>\n\t\t\t\t<section class=\"elementor-section elementor-top-section elementor-element elementor-element-05842f3 elementor-section-boxed elementor-section-height-default elementor-section-height-default\" data-id=\"05842f3\" data-element_type=\"section\">\n\t\t\t\t\t\t<div class=\"elementor-container elementor-column-gap-wider\">\n\t\t\t\t\t\t\t<div class=\"elementor-row\">\n\t\t\t\t\t<div class=\"elementor-column elementor-col-50 elementor-top-column elementor-element elementor-element-5531499\" data-id=\"5531499\" data-element_type=\"column\">\n\t\t\t<div class=\"elementor-column-wrap elementor-element-populated\">\n\t\t\t\t\t\t\t<div class=\"elementor-widget-wrap\">\n\t\t\t\t\t\t<div class=\"elementor-element elementor-element-d9c4313 animated-fast elementor-invisible elementor-widget elementor-widget-heading\" data-id=\"d9c4313\" data-element_type=\"widget\" data-settings=\"{&quot;_animation&quot;:&quot;fadeInUp&quot;}\" data-widget_type=\"heading.default\">\n\t\t\t\t<div class=\"elementor-widget-container\">\n\t\t\t<h2 class=\"elementor-heading-title elementor-size-default\"><span class=\"elementor-heading-title elementor-size-default\" style=\"color: var(--e-global-color-primary); font-style: normal; white-space: normal; font-family: Heebo, Helvetica, Arial, sans-serif;\">Restauraci\u00f3n de la&nbsp;<br>iglesia de Sant Rafael<\/span><\/h2>\t\t<\/div>\n\t\t\t\t<\/div>\n\t\t\t\t<div class=\"elementor-element elementor-element-f01e81d animated-fast elementor-invisible elementor-widget elementor-widget-text-editor\" data-id=\"f01e81d\" data-element_type=\"widget\" data-settings=\"{&quot;_animation&quot;:&quot;fadeInUp&quot;,&quot;_animation_delay&quot;:200}\" data-widget_type=\"text-editor.default\">\n\t\t\t\t<div class=\"elementor-widget-container\">\n\t\t\t\t\t\t\t\t<div class=\"elementor-text-editor elementor-clearfix\">\n\t\t\t\t<p><span style=\"caret-color: #7a7a7a; color: #7a7a7a; font-family: Heebo; font-size: 20px; font-style: normal;\">&nbsp;<\/span><\/p>\n<p><span style=\"caret-color: #7a7a7a; color: #7a7a7a; font-family: Heebo; font-size: 20px; font-style: normal;\">Rehabilitaci\u00f3n, iglesia.<\/span><\/p>\n<p><span style=\"caret-color: #7a7a7a; color: #7a7a7a; font-family: Heebo; font-size: 20px; font-style: normal;\">Barcelona. Espa\u00f1a<\/span><\/p>\n<p><span style=\"caret-color: #7a7a7a; color: #7a7a7a; font-family: Heebo; font-size: 20px; font-style: normal;\">2019-2020<\/span><\/p>\t\t\t\t\t<\/div>\n\t\t\t\t\t\t<\/div>\n\t\t\t\t<\/div>\n\t\t\t\t\t\t<\/div>\n\t\t\t\t\t<\/div>\n\t\t<\/div>\n\t\t\t\t<div class=\"elementor-column elementor-col-50 elementor-top-column elementor-element elementor-element-744443a\" data-id=\"744443a\" data-element_type=\"column\">\n\t\t\t<div class=\"elementor-column-wrap elementor-element-populated\">\n\t\t\t\t\t\t\t<div class=\"elementor-widget-wrap\">\n\t\t\t\t\t\t<div class=\"elementor-element elementor-element-22649c7 animated-fast elementor-invisible elementor-widget elementor-widget-text-editor\" data-id=\"22649c7\" data-element_type=\"widget\" data-settings=\"{&quot;_animation&quot;:&quot;fadeInUp&quot;,&quot;_animation_delay&quot;:400}\" data-widget_type=\"text-editor.default\">\n\t\t\t\t<div class=\"elementor-widget-container\">\n\t\t\t\t\t\t\t\t<div class=\"elementor-text-editor elementor-clearfix\">\n\t\t\t\t<p>The work consists of the restoration and consolidation of the envelope and structure of the old chapel of Sant Rafael. A religious temple located in the old Mental Institute of Santa Creu in Nou Barris that had been unused for more than thirty years and was in an advanced state of degradation.<\/p>\t\t\t\t\t<\/div>\n\t\t\t\t\t\t<\/div>\n\t\t\t\t<\/div>\n\t\t\t\t\t\t<\/div>\n\t\t\t\t\t<\/div>\n\t\t<\/div>\n\t\t\t\t\t\t\t\t<\/div>\n\t\t\t\t\t<\/div>\n\t\t<\/section>\n\t\t\t\t<section class=\"elementor-section elementor-top-section elementor-element elementor-element-5c4f3a7 elementor-section-boxed elementor-section-height-default elementor-section-height-default\" data-id=\"5c4f3a7\" data-element_type=\"section\">\n\t\t\t\t\t\t<div class=\"elementor-container elementor-column-gap-default\">\n\t\t\t\t\t\t\t<div class=\"elementor-row\">\n\t\t\t\t\t<div class=\"elementor-column elementor-col-100 elementor-top-column elementor-element elementor-element-9cc00e6\" data-id=\"9cc00e6\" data-element_type=\"column\">\n\t\t\t<div class=\"elementor-column-wrap elementor-element-populated\">\n\t\t\t\t\t\t\t<div class=\"elementor-widget-wrap\">\n\t\t\t\t\t\t<div class=\"elementor-element elementor-element-1feb926 elementor-widget-divider--view-line elementor-widget elementor-widget-divider\" data-id=\"1feb926\" data-element_type=\"widget\" data-widget_type=\"divider.default\">\n\t\t\t\t<div class=\"elementor-widget-container\">\n\t\t\t\t\t<div class=\"elementor-divider\">\n\t\t\t<span class=\"elementor-divider-separator\">\n\t\t\t\t\t\t<\/span>\n\t\t<\/div>\n\t\t\t\t<\/div>\n\t\t\t\t<\/div>\n\t\t\t\t\t\t<\/div>\n\t\t\t\t\t<\/div>\n\t\t<\/div>\n\t\t\t\t\t\t\t\t<\/div>\n\t\t\t\t\t<\/div>\n\t\t<\/section>\n\t\t\t\t<section class=\"elementor-section elementor-top-section elementor-element elementor-element-668881d elementor-section-boxed elementor-section-height-default elementor-section-height-default\" data-id=\"668881d\" data-element_type=\"section\">\n\t\t\t\t\t\t<div class=\"elementor-container elementor-column-gap-default\">\n\t\t\t\t\t\t\t<div class=\"elementor-row\">\n\t\t\t\t\t<div class=\"elementor-column elementor-col-100 elementor-top-column elementor-element elementor-element-048697c\" data-id=\"048697c\" data-element_type=\"column\">\n\t\t\t<div class=\"elementor-column-wrap elementor-element-populated\">\n\t\t\t\t\t\t\t<div class=\"elementor-widget-wrap\">\n\t\t\t\t\t\t<div class=\"elementor-element elementor-element-aa18b94 elementor-widget elementor-widget-spacer\" data-id=\"aa18b94\" data-element_type=\"widget\" data-widget_type=\"spacer.default\">\n\t\t\t\t<div class=\"elementor-widget-container\">\n\t\t\t\t\t<div class=\"elementor-spacer\">\n\t\t\t<div class=\"elementor-spacer-inner\"><\/div>\n\t\t<\/div>\n\t\t\t\t<\/div>\n\t\t\t\t<\/div>\n\t\t\t\t\t\t<\/div>\n\t\t\t\t\t<\/div>\n\t\t<\/div>\n\t\t\t\t\t\t\t\t<\/div>\n\t\t\t\t\t<\/div>\n\t\t<\/section>\n\t\t\t\t<section class=\"elementor-section elementor-top-section elementor-element elementor-element-3c1135f elementor-section-boxed elementor-section-height-default elementor-section-height-default\" data-id=\"3c1135f\" data-element_type=\"section\">\n\t\t\t\t\t\t<div class=\"elementor-container elementor-column-gap-default\">\n\t\t\t\t\t\t\t<div class=\"elementor-row\">\n\t\t\t\t\t<div class=\"elementor-column elementor-col-100 elementor-top-column elementor-element elementor-element-c5bb5c7\" data-id=\"c5bb5c7\" data-element_type=\"column\">\n\t\t\t<div class=\"elementor-column-wrap elementor-element-populated\">\n\t\t\t\t\t\t\t<div class=\"elementor-widget-wrap\">\n\t\t\t\t\t\t<div class=\"elementor-element elementor-element-b927c19 elementor-align-center elementor-widget elementor-widget-button\" data-id=\"b927c19\" data-element_type=\"widget\" data-widget_type=\"button.default\">\n\t\t\t\t<div class=\"elementor-widget-container\">\n\t\t\t\t\t<div class=\"elementor-button-wrapper\">\n\t\t\t<a href=\"https:\/\/ruizlarrea.com\/en\/proyectos\/\" class=\"elementor-button-link elementor-button elementor-size-md\" role=\"button\">\n\t\t\t\t\t\t<span class=\"elementor-button-content-wrapper\">\n\t\t\t\t\t\t\t<span class=\"elementor-button-icon elementor-align-icon-left\">\n\t\t\t\t<i aria-hidden=\"true\" class=\"far fa-arrow-alt-circle-left\"><\/i>\t\t\t<\/span>\n\t\t\t\t\t\t<span class=\"elementor-button-text\">PROJECTS<\/span>\n\t\t<\/span>\n\t\t\t\t\t<\/a>\n\t\t<\/div>\n\t\t\t\t<\/div>\n\t\t\t\t<\/div>\n\t\t\t\t\t\t<\/div>\n\t\t\t\t\t<\/div>\n\t\t<\/div>\n\t\t\t\t\t\t\t\t<\/div>\n\t\t\t\t\t<\/div>\n\t\t<\/section>\n\t\t\t\t<section class=\"elementor-section elementor-top-section elementor-element elementor-element-9c0b013 elementor-section-boxed elementor-section-height-default elementor-section-height-default\" data-id=\"9c0b013\" data-element_type=\"section\">\n\t\t\t\t\t\t<div class=\"elementor-container elementor-column-gap-default\">\n\t\t\t\t\t\t\t<div class=\"elementor-row\">\n\t\t\t\t\t<div class=\"elementor-column elementor-col-100 elementor-top-column elementor-element elementor-element-94cbcb7\" data-id=\"94cbcb7\" data-element_type=\"column\">\n\t\t\t<div class=\"elementor-column-wrap\">\n\t\t\t\t\t\t\t<div class=\"elementor-widget-wrap\">\n\t\t\t\t\t\t\t\t<\/div>\n\t\t\t\t\t<\/div>\n\t\t<\/div>\n\t\t\t\t\t\t\t\t<\/div>\n\t\t\t\t\t<\/div>\n\t\t<\/section>\n\t\t\t\t\t\t\t\t\t<\/div>\n\t\t\t<\/div>\n\t\t\t\t\t<\/div>","protected":false},"excerpt":{"rendered":"<p>Restauraci\u00f3n de la&nbsp; iglesia de Sant Rafael &nbsp; Rehabilitaci\u00f3n, iglesia. Barcelona. Espa\u00f1a 2019-2020 La actuaci\u00f3n consiste en la restauraci\u00f3n y consolidaci\u00f3n de la envolvente y estructura de la antigua capilla de Sant Rafael. Un templo religioso ubicado en el antiguo [&hellip;]<\/p>","protected":false},"author":1,"featured_media":8278,"comment_status":"open","ping_status":"open","sticky":false,"template":"elementor_header_footer","format":"standard","meta":[],"categories":[28],"tags":[],"yoast_head":"<!-- This site is optimized with the Yoast SEO plugin v20.2 - https:\/\/yoast.com\/wordpress\/plugins\/seo\/ -->\n<title>Iglesia San Rafael - Ruiz Larrea<\/title>\n<meta name=\"robots\" content=\"index, follow, max-snippet:-1, max-image-preview:large, max-video-preview:-1\" \/>\n<link rel=\"canonical\" href=\"https:\/\/ruizlarrea.com\/en\/iglesia-san-rafael\/\" \/>\n<meta property=\"og:locale\" content=\"en_GB\" \/>\n<meta property=\"og:type\" content=\"article\" \/>\n<meta property=\"og:title\" content=\"Iglesia San Rafael - Ruiz Larrea\" \/>\n<meta property=\"og:description\" content=\"Restauraci\u00f3n de la&nbsp; iglesia de Sant Rafael &nbsp; Rehabilitaci\u00f3n, iglesia. Barcelona. Espa\u00f1a 2019-2020 La actuaci\u00f3n consiste en la restauraci\u00f3n y consolidaci\u00f3n de la envolvente y estructura de la antigua capilla de Sant Rafael. Un templo religioso ubicado en el antiguo [&hellip;]\" \/>\n<meta property=\"og:url\" content=\"https:\/\/ruizlarrea.com\/en\/iglesia-san-rafael\/\" \/>\n<meta property=\"og:site_name\" content=\"Ruiz Larrea\" \/>\n<meta property=\"article:publisher\" content=\"https:\/\/www.facebook.com\/2gvArquitectura\/\" \/>\n<meta property=\"article:published_time\" content=\"2020-07-02T08:49:33+00:00\" \/>\n<meta property=\"article:modified_time\" content=\"2021-12-02T12:16:04+00:00\" \/>\n<meta property=\"og:image\" content=\"https:\/\/ruizlarrea.com\/wp-content\/uploads\/2021\/12\/san_rafael_alta_web-7-e1638523442409.jpg\" \/>\n\t<meta property=\"og:image:width\" content=\"1333\" \/>\n\t<meta property=\"og:image:height\" content=\"1820\" \/>\n\t<meta property=\"og:image:type\" content=\"image\/jpeg\" \/>\n<meta name=\"author\" content=\"2gvarquitectura\" \/>\n<meta name=\"twitter:card\" content=\"summary_large_image\" \/>\n<meta name=\"twitter:label1\" content=\"Written by\" \/>\n\t<meta name=\"twitter:data1\" content=\"2gvarquitectura\" \/>\n\t<meta name=\"twitter:label2\" content=\"Estimated reading time\" \/>\n\t<meta name=\"twitter:data2\" content=\"1 minute\" \/>\n<script type=\"application\/ld+json\" class=\"yoast-schema-graph\">{\"@context\":\"https:\/\/schema.org\",\"@graph\":[{\"@type\":\"Article\",\"@id\":\"https:\/\/ruizlarrea.com\/iglesia-san-rafael\/#article\",\"isPartOf\":{\"@id\":\"https:\/\/ruizlarrea.com\/iglesia-san-rafael\/\"},\"author\":{\"name\":\"2gvarquitectura\",\"@id\":\"https:\/\/ruizlarrea.com\/en\/#\/schema\/person\/ca9cc31ed230229a58508c1d370fc4e2\"},\"headline\":\"Iglesia San Rafael\",\"datePublished\":\"2020-07-02T08:49:33+00:00\",\"dateModified\":\"2021-12-02T12:16:04+00:00\",\"mainEntityOfPage\":{\"@id\":\"https:\/\/ruizlarrea.com\/iglesia-san-rafael\/\"},\"wordCount\":83,\"commentCount\":0,\"publisher\":{\"@id\":\"https:\/\/ruizlarrea.com\/en\/#organization\"},\"articleSection\":[\"Rehabilitaci\u00f3n\"],\"inLanguage\":\"en-GB\",\"potentialAction\":[{\"@type\":\"CommentAction\",\"name\":\"Comment\",\"target\":[\"https:\/\/ruizlarrea.com\/iglesia-san-rafael\/#respond\"]}]},{\"@type\":\"WebPage\",\"@id\":\"https:\/\/ruizlarrea.com\/iglesia-san-rafael\/\",\"url\":\"https:\/\/ruizlarrea.com\/iglesia-san-rafael\/\",\"name\":\"Iglesia San Rafael - Ruiz Larrea\",\"isPartOf\":{\"@id\":\"https:\/\/ruizlarrea.com\/en\/#website\"},\"datePublished\":\"2020-07-02T08:49:33+00:00\",\"dateModified\":\"2021-12-02T12:16:04+00:00\",\"breadcrumb\":{\"@id\":\"https:\/\/ruizlarrea.com\/iglesia-san-rafael\/#breadcrumb\"},\"inLanguage\":\"en-GB\",\"potentialAction\":[{\"@type\":\"ReadAction\",\"target\":[\"https:\/\/ruizlarrea.com\/iglesia-san-rafael\/\"]}]},{\"@type\":\"BreadcrumbList\",\"@id\":\"https:\/\/ruizlarrea.com\/iglesia-san-rafael\/#breadcrumb\",\"itemListElement\":[{\"@type\":\"ListItem\",\"position\":1,\"name\":\"Portada\",\"item\":\"https:\/\/ruizlarrea.com\/\"},{\"@type\":\"ListItem\",\"position\":2,\"name\":\"Iglesia San Rafael\"}]},{\"@type\":\"WebSite\",\"@id\":\"https:\/\/ruizlarrea.com\/en\/#website\",\"url\":\"https:\/\/ruizlarrea.com\/en\/\",\"name\":\"2gv Arquitectura\",\"description\":\"Arquitectura\",\"publisher\":{\"@id\":\"https:\/\/ruizlarrea.com\/en\/#organization\"},\"potentialAction\":[{\"@type\":\"SearchAction\",\"target\":{\"@type\":\"EntryPoint\",\"urlTemplate\":\"https:\/\/ruizlarrea.com\/en\/?s={search_term_string}\"},\"query-input\":\"required name=search_term_string\"}],\"inLanguage\":\"en-GB\"},{\"@type\":\"Organization\",\"@id\":\"https:\/\/ruizlarrea.com\/en\/#organization\",\"name\":\"2GV\",\"url\":\"https:\/\/ruizlarrea.com\/en\/\",\"logo\":{\"@type\":\"ImageObject\",\"inLanguage\":\"en-GB\",\"@id\":\"https:\/\/ruizlarrea.com\/en\/#\/schema\/logo\/image\/\",\"url\":\"https:\/\/ruizlarrea.com\/wp-content\/uploads\/2019\/10\/2gv_-logo-color-negro-e1571069923777.png\",\"contentUrl\":\"https:\/\/ruizlarrea.com\/wp-content\/uploads\/2019\/10\/2gv_-logo-color-negro-e1571069923777.png\",\"width\":150,\"height\":113,\"caption\":\"2GV\"},\"image\":{\"@id\":\"https:\/\/ruizlarrea.com\/en\/#\/schema\/logo\/image\/\"},\"sameAs\":[\"https:\/\/www.facebook.com\/2gvArquitectura\/\",\"https:\/\/www.instagram.com\/2gv_arq\/\",\"https:\/\/www.linkedin.com\/company\/dosgeuvearquitectura-s.l.p.\"]},{\"@type\":\"Person\",\"@id\":\"https:\/\/ruizlarrea.com\/en\/#\/schema\/person\/ca9cc31ed230229a58508c1d370fc4e2\",\"name\":\"2gvarquitectura\",\"image\":{\"@type\":\"ImageObject\",\"inLanguage\":\"en-GB\",\"@id\":\"https:\/\/ruizlarrea.com\/en\/#\/schema\/person\/image\/\",\"url\":\"https:\/\/secure.gravatar.com\/avatar\/99dd647ed9e1b8b4f8077d1a9de3e451?s=96&d=mm&r=g\",\"contentUrl\":\"https:\/\/secure.gravatar.com\/avatar\/99dd647ed9e1b8b4f8077d1a9de3e451?s=96&d=mm&r=g\",\"caption\":\"2gvarquitectura\"}}]}<\/script>\n<!-- \/ Yoast SEO plugin. -->","yoast_head_json":{"title":"Iglesia San Rafael - Ruiz Larrea","robots":{"index":"index","follow":"follow","max-snippet":"max-snippet:-1","max-image-preview":"max-image-preview:large","max-video-preview":"max-video-preview:-1"},"canonical":"https:\/\/ruizlarrea.com\/en\/iglesia-san-rafael\/","og_locale":"en_GB","og_type":"article","og_title":"Iglesia San Rafael - Ruiz Larrea","og_description":"Restauraci\u00f3n de la&nbsp; iglesia de Sant Rafael &nbsp; Rehabilitaci\u00f3n, iglesia. Barcelona. Espa\u00f1a 2019-2020 La actuaci\u00f3n consiste en la restauraci\u00f3n y consolidaci\u00f3n de la envolvente y estructura de la antigua capilla de Sant Rafael. Un templo religioso ubicado en el antiguo [&hellip;]","og_url":"https:\/\/ruizlarrea.com\/en\/iglesia-san-rafael\/","og_site_name":"Ruiz Larrea","article_publisher":"https:\/\/www.facebook.com\/2gvArquitectura\/","article_published_time":"2020-07-02T08:49:33+00:00","article_modified_time":"2021-12-02T12:16:04+00:00","og_image":[{"width":1333,"height":1820,"url":"https:\/\/ruizlarrea.com\/wp-content\/uploads\/2021\/12\/san_rafael_alta_web-7-e1638523442409.jpg","type":"image\/jpeg"}],"author":"2gvarquitectura","twitter_card":"summary_large_image","twitter_misc":{"Written by":"2gvarquitectura","Estimated reading time":"1 minute"},"schema":{"@context":"https:\/\/schema.org","@graph":[{"@type":"Article","@id":"https:\/\/ruizlarrea.com\/iglesia-san-rafael\/#article","isPartOf":{"@id":"https:\/\/ruizlarrea.com\/iglesia-san-rafael\/"},"author":{"name":"2gvarquitectura","@id":"https:\/\/ruizlarrea.com\/en\/#\/schema\/person\/ca9cc31ed230229a58508c1d370fc4e2"},"headline":"Iglesia San Rafael","datePublished":"2020-07-02T08:49:33+00:00","dateModified":"2021-12-02T12:16:04+00:00","mainEntityOfPage":{"@id":"https:\/\/ruizlarrea.com\/iglesia-san-rafael\/"},"wordCount":83,"commentCount":0,"publisher":{"@id":"https:\/\/ruizlarrea.com\/en\/#organization"},"articleSection":["Rehabilitaci\u00f3n"],"inLanguage":"en-GB","potentialAction":[{"@type":"CommentAction","name":"Comment","target":["https:\/\/ruizlarrea.com\/iglesia-san-rafael\/#respond"]}]},{"@type":"WebPage","@id":"https:\/\/ruizlarrea.com\/iglesia-san-rafael\/","url":"https:\/\/ruizlarrea.com\/iglesia-san-rafael\/","name":"Iglesia San Rafael - Ruiz Larrea","isPartOf":{"@id":"https:\/\/ruizlarrea.com\/en\/#website"},"datePublished":"2020-07-02T08:49:33+00:00","dateModified":"2021-12-02T12:16:04+00:00","breadcrumb":{"@id":"https:\/\/ruizlarrea.com\/iglesia-san-rafael\/#breadcrumb"},"inLanguage":"en-GB","potentialAction":[{"@type":"ReadAction","target":["https:\/\/ruizlarrea.com\/iglesia-san-rafael\/"]}]},{"@type":"BreadcrumbList","@id":"https:\/\/ruizlarrea.com\/iglesia-san-rafael\/#breadcrumb","itemListElement":[{"@type":"ListItem","position":1,"name":"Portada","item":"https:\/\/ruizlarrea.com\/"},{"@type":"ListItem","position":2,"name":"Iglesia San Rafael"}]},{"@type":"WebSite","@id":"https:\/\/ruizlarrea.com\/en\/#website","url":"https:\/\/ruizlarrea.com\/en\/","name":"2gv Arquitectura","description":"Arquitectura","publisher":{"@id":"https:\/\/ruizlarrea.com\/en\/#organization"},"potentialAction":[{"@type":"SearchAction","target":{"@type":"EntryPoint","urlTemplate":"https:\/\/ruizlarrea.com\/en\/?s={search_term_string}"},"query-input":"required name=search_term_string"}],"inLanguage":"en-GB"},{"@type":"Organization","@id":"https:\/\/ruizlarrea.com\/en\/#organization","name":"2GV","url":"https:\/\/ruizlarrea.com\/en\/","logo":{"@type":"ImageObject","inLanguage":"en-GB","@id":"https:\/\/ruizlarrea.com\/en\/#\/schema\/logo\/image\/","url":"https:\/\/ruizlarrea.com\/wp-content\/uploads\/2019\/10\/2gv_-logo-color-negro-e1571069923777.png","contentUrl":"https:\/\/ruizlarrea.com\/wp-content\/uploads\/2019\/10\/2gv_-logo-color-negro-e1571069923777.png","width":150,"height":113,"caption":"2GV"},"image":{"@id":"https:\/\/ruizlarrea.com\/en\/#\/schema\/logo\/image\/"},"sameAs":["https:\/\/www.facebook.com\/2gvArquitectura\/","https:\/\/www.instagram.com\/2gv_arq\/","https:\/\/www.linkedin.com\/company\/dosgeuvearquitectura-s.l.p."]},{"@type":"Person","@id":"https:\/\/ruizlarrea.com\/en\/#\/schema\/person\/ca9cc31ed230229a58508c1d370fc4e2","name":"2gvarquitectura","image":{"@type":"ImageObject","inLanguage":"en-GB","@id":"https:\/\/ruizlarrea.com\/en\/#\/schema\/person\/image\/","url":"https:\/\/secure.gravatar.com\/avatar\/99dd647ed9e1b8b4f8077d1a9de3e451?s=96&d=mm&r=g","contentUrl":"https:\/\/secure.gravatar.com\/avatar\/99dd647ed9e1b8b4f8077d1a9de3e451?s=96&d=mm&r=g","caption":"2gvarquitectura"}}]}},"_links":{"self":[{"href":"https:\/\/ruizlarrea.com\/en\/wp-json\/wp\/v2\/posts\/8277"}],"collection":[{"href":"https:\/\/ruizlarrea.com\/en\/wp-json\/wp\/v2\/posts"}],"about":[{"href":"https:\/\/ruizlarrea.com\/en\/wp-json\/wp\/v2\/types\/post"}],"author":[{"embeddable":true,"href":"https:\/\/ruizlarrea.com\/en\/wp-json\/wp\/v2\/users\/1"}],"replies":[{"embeddable":true,"href":"https:\/\/ruizlarrea.com\/en\/wp-json\/wp\/v2\/comments?post=8277"}],"version-history":[{"count":5,"href":"https:\/\/ruizlarrea.com\/en\/wp-json\/wp\/v2\/posts\/8277\/revisions"}],"predecessor-version":[{"id":8289,"href":"https:\/\/ruizlarrea.com\/en\/wp-json\/wp\/v2\/posts\/8277\/revisions\/8289"}],"wp:featuredmedia":[{"embeddable":true,"href":"https:\/\/ruizlarrea.com\/en\/wp-json\/wp\/v2\/media\/8278"}],"wp:attachment":[{"href":"https:\/\/ruizlarrea.com\/en\/wp-json\/wp\/v2\/media?parent=8277"}],"wp:term":[{"taxonomy":"category","embeddable":true,"href":"https:\/\/ruizlarrea.com\/en\/wp-json\/wp\/v2\/categories?post=8277"},{"taxonomy":"post_tag","embeddable":true,"href":"https:\/\/ruizlarrea.com\/en\/wp-json\/wp\/v2\/tags?post=8277"}],"curies":[{"name":"wp","href":"https:\/\/api.w.org\/{rel}","templated":true}]}}