{"id":9380,"date":"2023-06-20T11:50:49","date_gmt":"2023-06-20T09:50:49","guid":{"rendered":"https:\/\/ruizlarrea.com\/?p=9380"},"modified":"2023-06-20T12:34:54","modified_gmt":"2023-06-20T10:34:54","slug":"alumnos-y-especialistas-de-las-universidades-de-singapur-pretoria-y-navarra-visitan-el-hemiciclo-solar-de-ruiz-larrea","status":"publish","type":"post","link":"https:\/\/ruizlarrea.com\/ca\/alumnos-y-especialistas-de-las-universidades-de-singapur-pretoria-y-navarra-visitan-el-hemiciclo-solar-de-ruiz-larrea\/","title":{"rendered":"Alumnos y especialistas de las universidades de Singapur, Pretoria y Navarra visitan el Hemiciclo Solar de Ruiz-Larrea"},"content":{"rendered":"<div data-elementor-type=\"wp-post\" data-elementor-id=\"9380\" class=\"elementor elementor-9380\">\n\t\t\t\t\t\t<div class=\"elementor-inner\">\n\t\t\t\t<div class=\"elementor-section-wrap\">\n\t\t\t\t\t\t\t\t\t<section class=\"elementor-section elementor-top-section elementor-element elementor-element-336af0d elementor-section-boxed elementor-section-height-default elementor-section-height-default\" data-id=\"336af0d\" data-element_type=\"section\">\n\t\t\t\t\t\t<div class=\"elementor-container elementor-column-gap-default\">\n\t\t\t\t\t\t\t<div class=\"elementor-row\">\n\t\t\t\t\t<div class=\"elementor-column elementor-col-100 elementor-top-column elementor-element elementor-element-6767b61\" data-id=\"6767b61\" data-element_type=\"column\">\n\t\t\t<div class=\"elementor-column-wrap elementor-element-populated\">\n\t\t\t\t\t\t\t<div class=\"elementor-widget-wrap\">\n\t\t\t\t\t\t<div class=\"elementor-element elementor-element-8c91203 elementor-widget elementor-widget-spacer\" data-id=\"8c91203\" data-element_type=\"widget\" data-widget_type=\"spacer.default\">\n\t\t\t\t<div class=\"elementor-widget-container\">\n\t\t\t\t\t<div class=\"elementor-spacer\">\n\t\t\t<div class=\"elementor-spacer-inner\"><\/div>\n\t\t<\/div>\n\t\t\t\t<\/div>\n\t\t\t\t<\/div>\n\t\t\t\t\t\t<\/div>\n\t\t\t\t\t<\/div>\n\t\t<\/div>\n\t\t\t\t\t\t\t\t<\/div>\n\t\t\t\t\t<\/div>\n\t\t<\/section>\n\t\t\t\t<section class=\"elementor-section elementor-top-section elementor-element elementor-element-7f9f7d7 elementor-section-boxed elementor-section-height-default elementor-section-height-default\" data-id=\"7f9f7d7\" data-element_type=\"section\">\n\t\t\t\t\t\t<div class=\"elementor-container elementor-column-gap-default\">\n\t\t\t\t\t\t\t<div class=\"elementor-row\">\n\t\t\t\t\t<div class=\"elementor-column elementor-col-100 elementor-top-column elementor-element elementor-element-3e9e761\" data-id=\"3e9e761\" data-element_type=\"column\">\n\t\t\t<div class=\"elementor-column-wrap\">\n\t\t\t\t\t\t\t<div class=\"elementor-widget-wrap\">\n\t\t\t\t\t\t\t\t<\/div>\n\t\t\t\t\t<\/div>\n\t\t<\/div>\n\t\t\t\t\t\t\t\t<\/div>\n\t\t\t\t\t<\/div>\n\t\t<\/section>\n\t\t\t\t<section class=\"elementor-section elementor-top-section elementor-element elementor-element-930580c elementor-section-boxed elementor-section-height-default elementor-section-height-default\" data-id=\"930580c\" data-element_type=\"section\">\n\t\t\t\t\t\t<div class=\"elementor-container elementor-column-gap-default\">\n\t\t\t\t\t\t\t<div class=\"elementor-row\">\n\t\t\t\t\t<div class=\"elementor-column elementor-col-100 elementor-top-column elementor-element elementor-element-b0e0bb2\" data-id=\"b0e0bb2\" data-element_type=\"column\">\n\t\t\t<div class=\"elementor-column-wrap elementor-element-populated\">\n\t\t\t\t\t\t\t<div class=\"elementor-widget-wrap\">\n\t\t\t\t\t\t<div class=\"elementor-element elementor-element-5fd3111 elementor-widget elementor-widget-image\" data-id=\"5fd3111\" data-element_type=\"widget\" data-widget_type=\"image.default\">\n\t\t\t\t<div class=\"elementor-widget-container\">\n\t\t\t\t\t\t\t\t<div class=\"elementor-image\">\n\t\t\t\t\t\t\t\t\t\t\t\t<img decoding=\"async\" width=\"1024\" height=\"576\" src=\"https:\/\/ruizlarrea.com\/wp-content\/uploads\/2023\/06\/foto-ENTRADA-hemiciclo-1024x576.jpg\" class=\"attachment-large size-large\" alt=\"\" loading=\"lazy\" srcset=\"https:\/\/ruizlarrea.com\/wp-content\/uploads\/2023\/06\/foto-ENTRADA-hemiciclo-1024x576.jpg 1024w, https:\/\/ruizlarrea.com\/wp-content\/uploads\/2023\/06\/foto-ENTRADA-hemiciclo-300x169.jpg 300w, https:\/\/ruizlarrea.com\/wp-content\/uploads\/2023\/06\/foto-ENTRADA-hemiciclo-768x432.jpg 768w, https:\/\/ruizlarrea.com\/wp-content\/uploads\/2023\/06\/foto-ENTRADA-hemiciclo-1536x864.jpg 1536w, https:\/\/ruizlarrea.com\/wp-content\/uploads\/2023\/06\/foto-ENTRADA-hemiciclo-2048x1152.jpg 2048w, https:\/\/ruizlarrea.com\/wp-content\/uploads\/2023\/06\/foto-ENTRADA-hemiciclo-18x10.jpg 18w, https:\/\/ruizlarrea.com\/wp-content\/uploads\/2023\/06\/foto-ENTRADA-hemiciclo-440x248.jpg 440w\" sizes=\"(max-width: 1024px) 100vw, 1024px\" \/>\t\t\t\t\t\t\t\t\t\t\t\t\t\t<\/div>\n\t\t\t\t\t\t<\/div>\n\t\t\t\t<\/div>\n\t\t\t\t<div class=\"elementor-element elementor-element-0bcf744 elementor-widget elementor-widget-spacer\" data-id=\"0bcf744\" data-element_type=\"widget\" data-widget_type=\"spacer.default\">\n\t\t\t\t<div class=\"elementor-widget-container\">\n\t\t\t\t\t<div class=\"elementor-spacer\">\n\t\t\t<div class=\"elementor-spacer-inner\"><\/div>\n\t\t<\/div>\n\t\t\t\t<\/div>\n\t\t\t\t<\/div>\n\t\t\t\t\t\t<\/div>\n\t\t\t\t\t<\/div>\n\t\t<\/div>\n\t\t\t\t\t\t\t\t<\/div>\n\t\t\t\t\t<\/div>\n\t\t<\/section>\n\t\t\t\t<section class=\"elementor-section elementor-top-section elementor-element elementor-element-a27095b elementor-section-boxed elementor-section-height-default elementor-section-height-default\" data-id=\"a27095b\" data-element_type=\"section\">\n\t\t\t\t\t\t<div class=\"elementor-container elementor-column-gap-default\">\n\t\t\t\t\t\t\t<div class=\"elementor-row\">\n\t\t\t\t\t<div class=\"elementor-column elementor-col-100 elementor-top-column elementor-element elementor-element-e460632\" data-id=\"e460632\" data-element_type=\"column\">\n\t\t\t<div class=\"elementor-column-wrap elementor-element-populated\">\n\t\t\t\t\t\t\t<div class=\"elementor-widget-wrap\">\n\t\t\t\t\t\t<div class=\"elementor-element elementor-element-7ba19e8 elementor-widget elementor-widget-text-editor\" data-id=\"7ba19e8\" data-element_type=\"widget\" data-widget_type=\"text-editor.default\">\n\t\t\t\t<div class=\"elementor-widget-container\">\n\t\t\t\t\t\t\t\t<div class=\"elementor-text-editor elementor-clearfix\">\n\t\t\t\t<h2 style=\"text-align: left;\">Alumnos y especialistas de las universidades de Singapur, Pretoria y Navarra visitan el Hemiciclo Solar de Ruiz-Larrea&nbsp;<\/h2>\n<p><strong>A la <em>master class <\/em>impartida por C\u00e9sar Ruiz-Larrea en el campus de la UNAV en Madrid le sigui\u00f3 la visita al edificio, primer residencial p\u00fablico de la regi\u00f3n con aerotermia<\/strong><\/p>\n<p>__<\/p>\n<p><strong>Madrid, 20\/02\/2023.-<\/strong> Cuarenta alumnos de arquitectura de la Universidad Nacional de Singapur y de la Universidad de Navarra, adem\u00e1s de especialistas de la Universidad de Pretoria (Sud\u00e1frica), han visitado el <a href=\"https:\/\/ruizlarrea.com\/ca\/hemiciclo-solar\/\"><strong>Hemiciclo Solar<\/strong><\/a> dise\u00f1ado por <a href=\"https:\/\/ruizlarrea.com\/ca\/\">Ruiz-Larrea Arquitectura<\/a> (RL) en una jornada internacional de intercambio sobre edificaci\u00f3n sostenible, bioclimatismo y transformaci\u00f3n de las ciudades organizada por la Universidad de Navarra (UNAV).<\/p>\n<p><strong>C\u00e9sar Ruiz-Larrea<\/strong>, presidente de RL y colaborador de la UNAV, ejerci\u00f3 de gu\u00eda detallando al grupo los pormenores t\u00e9cnicos del dise\u00f1o, las soluciones bioclim\u00e1ticas y los innovadores sistemas que convirtieron este edificio p\u00fablico de viviendas en el primero de la regi\u00f3n en usar la aerotermia para garantizar el confort y reducir dr\u00e1sticamente la factura energ\u00e9tica de sus inquilinos.<\/p>\n<p>Previamente, el arquitecto imparti\u00f3 una <em>master class<\/em> en la que tambi\u00e9n tomaron parte <strong>Chrisna Du Plessis<\/strong>, directora del Departamento de Arquitectura de la Universidad de Pretoria y presidenta de su Escuela de Entorno Construido; el profesor e investigador de la Universidad Nacional de Singapur, <strong>Nirmal Kishnani<\/strong>, especialista en dise\u00f1o sostenible y sistemas de innovaci\u00f3n constructiva; y <strong>Ana S\u00e1nchez-Ostiz<\/strong>, directora del M\u00e1ster en Dise\u00f1o Medioambiental y Gesti\u00f3n de Edificios de la UNAV y miembro del grupo de investigaci\u00f3n SAVIA sobre sostenibilidad, vivienda e industrializaci\u00f3n.<\/p>\n<p><strong>URBANISMO PARA LA SOSTENIBILIDAD<\/strong><\/p>\n<p>Durante la visita, los participantes intercambiaron ideas sobre soluciones de sostenibilidad y transformaci\u00f3n del entorno urbano. El inter\u00e9s por el Hemiciclo Solar parte, precisamente, de su titularidad p\u00fablica y de su especial configuraci\u00f3n en forma de arco. Esta responde, como detall\u00f3 Ruiz-Larrea, a <strong>\u201cun dise\u00f1o bioclim\u00e1tico que evita las sombras autoarrojadas, sigue el ciclo solar y aprovecha las condiciones de luz natural y viento para reducir enormemente el gasto energ\u00e9tico y las emisiones de CO2\u201d<\/strong>.<\/p>\n<p>Este \u201curbanismo sostenible\u201d, en palabras del arquitecto no habr\u00eda sido posible sin la reconfiguraci\u00f3n del proyecto originalmente planteado por el Ayuntamiento de M\u00f3stoles, localidad donde se ubica el edificio y cuyos gobernantes entendieron que una propuesta disruptiva como esta ser\u00eda diferencial en cuanto a confort y reducci\u00f3n de emisiones.<\/p>\n<p>El Hemiciclo Solar, levantado en el a\u00f1o 2011 para el Instituto Municipal del Suelo de M\u00f3stoles, es una construcci\u00f3n pionera. Se trata del primer edificio de viviendas p\u00fablicas de la Comunidad de Madrid en valerse de la <strong>aerotermia<\/strong> para regular la temperatura interior mediante captadores situados en la parte posterior del edificio.<\/p>\n<p>Su disposici\u00f3n en arco, alejada de la forma original en L, garantiza un 100% de <strong>viviendas pasantes<\/strong>. La fachada aprovecha todo al potencial de la orientaci\u00f3n sur para generar un gran captador solar durante el invierno y un inmenso umbr\u00e1culo en verano. La soluci\u00f3n constructiva de la envolvente permite disposiciones flexibles y diferentes niveles de apertura u ocultaci\u00f3n. El sistema de chimenea solar y el uso de paneles solares completan las estrategias de un edificio innovador.<\/p>\n<p>En lo urbano, el volumen cierra el \u00e1rea en el que se encuentra y contribuye a crear una gran plaza p\u00fablica, manteniendo as\u00ed la l\u00f3gica urbana. El propio edificio se convierte en <strong>agente generador de relaciones de vecindad<\/strong>: los tres grandes huecos abiertos en la fachada conforman <strong>espacios p\u00fablicos de encuentro<\/strong> para los residentes, que han podido disfrutar en ellos de exposiciones, charlas o reuniones espont\u00e1neas.<\/p>\n<p>Como edificio de promoci\u00f3n p\u00fablica, el Hemiciclo no renuncia ni al bienestar de sus habitantes ni a su confort, planteando, delante mismo de su ubicaci\u00f3n, una zona ajardinada con fuentes para aliviar en parte la dureza de la plaza situada inmediatamente delante.<\/p>\n<p><strong>RUIZ-LARREA, PATRIMONIO E INNOVACI\u00d3N<\/strong><\/p>\n<p>Ruiz-Larrea Arquitectura es una empresa l\u00edder en innovaci\u00f3n y sostenibilidad en proyectos de obra nueva, rehabilitaci\u00f3n o transformaci\u00f3n de activos internacionalmente reconocida. Es pionera en el desarrollo y aplicaci\u00f3n de nuevos sistemas de edificaci\u00f3n sostenible e industrializada, disminuci\u00f3n radical de la demanda energ\u00e9tica y arquitectura saludable y corresponsable, soluciones que desarrolla desde su <a href=\"https:\/\/rlab.com.es\/\">laboratorio de innovaci\u00f3n <strong>R_lab<\/strong><\/a>.<\/p>\n<p>Ruiz-Larrea ha firmado trabajos como la actual sede de Movistar+, el Centro Nacional de Energ\u00edas Renovables, la Agencia Andaluza de la Energ\u00eda, la Torre Cibeles del Banco de Espa\u00f1a, el hotel de lujo The Madrid EDITION, la reforma del Hotel Palace de Madrid (en curso), las sedes corporativa y log\u00edstica de Vueling o el nuevo headquarters de la farmac\u00e9utica Sanofi en Barcelona. Adem\u00e1s, Ruiz-Larrea ha desarrollado numerosos de proyectos de vivienda con certificaci\u00f3n de sostenibilidad -obra nueva, <em>build to rent,<\/em> vivienda asequible-, como el proyecto industrializado Manubuild, el residencial Madrid 0&#8217;0 (nZEB, BREEAM), el residencial Adelfas 98 (BREEAM) o Carabanchel 34 (Passivhaus).<\/p>\n<p><strong>M\u00e1s informaci\u00f3n, entrevistas o im\u00e1genes:<\/strong><\/p>\n<p><span style=\"font-weight: 400;\">\u00c1ngel Calleja, director de Comunicaci\u00f3n y Relaciones Institucionales<\/span><\/p>\n<p><a href=\"mailto:a.calleja@ruizlarrea.com\"><span style=\"font-weight: 400;\">a.calleja@ruizlarrea.com<\/span><\/a><span style=\"font-weight: 400;\"> \/ +34 671 150 20<\/span><\/p>\t\t\t\t\t<\/div>\n\t\t\t\t\t\t<\/div>\n\t\t\t\t<\/div>\n\t\t\t\t\t\t<\/div>\n\t\t\t\t\t<\/div>\n\t\t<\/div>\n\t\t\t\t\t\t\t\t<\/div>\n\t\t\t\t\t<\/div>\n\t\t<\/section>\n\t\t\t\t<section class=\"elementor-section elementor-top-section elementor-element elementor-element-4251d7f elementor-section-boxed elementor-section-height-default elementor-section-height-default\" data-id=\"4251d7f\" data-element_type=\"section\">\n\t\t\t\t\t\t<div class=\"elementor-container elementor-column-gap-default\">\n\t\t\t\t\t\t\t<div class=\"elementor-row\">\n\t\t\t\t\t<div class=\"elementor-column elementor-col-100 elementor-top-column elementor-element elementor-element-0cbcb62\" data-id=\"0cbcb62\" data-element_type=\"column\">\n\t\t\t<div class=\"elementor-column-wrap elementor-element-populated\">\n\t\t\t\t\t\t\t<div class=\"elementor-widget-wrap\">\n\t\t\t\t\t\t<div class=\"elementor-element elementor-element-657a243 elementor-widget elementor-widget-spacer\" data-id=\"657a243\" data-element_type=\"widget\" data-widget_type=\"spacer.default\">\n\t\t\t\t<div class=\"elementor-widget-container\">\n\t\t\t\t\t<div class=\"elementor-spacer\">\n\t\t\t<div class=\"elementor-spacer-inner\"><\/div>\n\t\t<\/div>\n\t\t\t\t<\/div>\n\t\t\t\t<\/div>\n\t\t\t\t<div class=\"elementor-element elementor-element-a0d1292 elementor-align-center elementor-widget elementor-widget-button\" data-id=\"a0d1292\" data-element_type=\"widget\" data-widget_type=\"button.default\">\n\t\t\t\t<div class=\"elementor-widget-container\">\n\t\t\t\t\t<div class=\"elementor-button-wrapper\">\n\t\t\t<a href=\"https:\/\/ruizlarrea.com\/ca\/actualidad\/\" class=\"elementor-button-link elementor-button elementor-size-sm\" role=\"button\">\n\t\t\t\t\t\t<span class=\"elementor-button-content-wrapper\">\n\t\t\t\t\t\t\t<span class=\"elementor-button-icon elementor-align-icon-left\">\n\t\t\t\t<i aria-hidden=\"true\" class=\"fas fa-angle-left\"><\/i>\t\t\t<\/span>\n\t\t\t\t\t\t<span class=\"elementor-button-text\">Comunicaci\u00f3n<\/span>\n\t\t<\/span>\n\t\t\t\t\t<\/a>\n\t\t<\/div>\n\t\t\t\t<\/div>\n\t\t\t\t<\/div>\n\t\t\t\t\t\t<\/div>\n\t\t\t\t\t<\/div>\n\t\t<\/div>\n\t\t\t\t\t\t\t\t<\/div>\n\t\t\t\t\t<\/div>\n\t\t<\/section>\n\t\t\t\t<section class=\"elementor-section elementor-top-section elementor-element elementor-element-2581f95 elementor-section-boxed elementor-section-height-default elementor-section-height-default\" data-id=\"2581f95\" data-element_type=\"section\">\n\t\t\t\t\t\t<div class=\"elementor-container elementor-column-gap-default\">\n\t\t\t\t\t\t\t<div class=\"elementor-row\">\n\t\t\t\t\t<div class=\"elementor-column elementor-col-100 elementor-top-column elementor-element elementor-element-ab4dba0\" data-id=\"ab4dba0\" data-element_type=\"column\">\n\t\t\t<div class=\"elementor-column-wrap\">\n\t\t\t\t\t\t\t<div class=\"elementor-widget-wrap\">\n\t\t\t\t\t\t\t\t<\/div>\n\t\t\t\t\t<\/div>\n\t\t<\/div>\n\t\t\t\t\t\t\t\t<\/div>\n\t\t\t\t\t<\/div>\n\t\t<\/section>\n\t\t\t\t\t\t\t\t\t<\/div>\n\t\t\t<\/div>\n\t\t\t\t\t<\/div>","protected":false},"excerpt":{"rendered":"<p>Alumnos y especialistas de las universidades de Singapur, Pretoria y Navarra visitan el Hemiciclo Solar de Ruiz-Larrea&nbsp; A la master class impartida por C\u00e9sar Ruiz-Larrea en el campus de la UNAV en Madrid le sigui\u00f3 la visita al edificio, primer [&hellip;]<\/p>","protected":false},"author":1,"featured_media":9382,"comment_status":"closed","ping_status":"open","sticky":false,"template":"elementor_header_footer","format":"standard","meta":[],"categories":[19],"tags":[32],"yoast_head":"<!-- This site is optimized with the Yoast SEO plugin v20.2 - https:\/\/yoast.com\/wordpress\/plugins\/seo\/ -->\n<title>Alumnos y especialistas de las universidades de Singapur, Pretoria y Navarra visitan el Hemiciclo Solar de Ruiz-Larrea - Ruiz Larrea<\/title>\n<meta name=\"robots\" content=\"index, follow, max-snippet:-1, max-image-preview:large, max-video-preview:-1\" \/>\n<link rel=\"canonical\" href=\"https:\/\/ruizlarrea.com\/ca\/alumnos-y-especialistas-de-las-universidades-de-singapur-pretoria-y-navarra-visitan-el-hemiciclo-solar-de-ruiz-larrea\/\" \/>\n<meta property=\"og:locale\" content=\"ca_ES\" \/>\n<meta property=\"og:type\" content=\"article\" \/>\n<meta property=\"og:title\" content=\"Alumnos y especialistas de las universidades de Singapur, Pretoria y Navarra visitan el Hemiciclo Solar de Ruiz-Larrea - Ruiz Larrea\" \/>\n<meta property=\"og:description\" content=\"Alumnos y especialistas de las universidades de Singapur, Pretoria y Navarra visitan el Hemiciclo Solar de Ruiz-Larrea&nbsp; A la master class impartida por C\u00e9sar Ruiz-Larrea en el campus de la UNAV en Madrid le sigui\u00f3 la visita al edificio, primer [&hellip;]\" \/>\n<meta property=\"og:url\" content=\"https:\/\/ruizlarrea.com\/ca\/alumnos-y-especialistas-de-las-universidades-de-singapur-pretoria-y-navarra-visitan-el-hemiciclo-solar-de-ruiz-larrea\/\" \/>\n<meta property=\"og:site_name\" content=\"Ruiz Larrea\" \/>\n<meta property=\"article:publisher\" content=\"https:\/\/www.facebook.com\/2gvArquitectura\/\" \/>\n<meta property=\"article:published_time\" content=\"2023-06-20T09:50:49+00:00\" \/>\n<meta property=\"article:modified_time\" content=\"2023-06-20T10:34:54+00:00\" \/>\n<meta property=\"og:image\" content=\"https:\/\/ruizlarrea.com\/wp-content\/uploads\/2023\/06\/foto-ENTRADA-hemiciclo-scaled.jpg\" \/>\n\t<meta property=\"og:image:width\" content=\"2560\" \/>\n\t<meta property=\"og:image:height\" content=\"1440\" \/>\n\t<meta property=\"og:image:type\" content=\"image\/jpeg\" \/>\n<meta name=\"author\" content=\"2gvarquitectura\" \/>\n<meta name=\"twitter:card\" content=\"summary_large_image\" \/>\n<meta name=\"twitter:label1\" content=\"Escrit per\" \/>\n\t<meta name=\"twitter:data1\" content=\"2gvarquitectura\" \/>\n\t<meta name=\"twitter:label2\" content=\"Temps estimat de lectura\" \/>\n\t<meta name=\"twitter:data2\" content=\"4 minuts\" \/>\n<script type=\"application\/ld+json\" class=\"yoast-schema-graph\">{\"@context\":\"https:\/\/schema.org\",\"@graph\":[{\"@type\":\"Article\",\"@id\":\"https:\/\/ruizlarrea.com\/alumnos-y-especialistas-de-las-universidades-de-singapur-pretoria-y-navarra-visitan-el-hemiciclo-solar-de-ruiz-larrea\/#article\",\"isPartOf\":{\"@id\":\"https:\/\/ruizlarrea.com\/alumnos-y-especialistas-de-las-universidades-de-singapur-pretoria-y-navarra-visitan-el-hemiciclo-solar-de-ruiz-larrea\/\"},\"author\":{\"name\":\"2gvarquitectura\",\"@id\":\"https:\/\/ruizlarrea.com\/en\/#\/schema\/person\/ca9cc31ed230229a58508c1d370fc4e2\"},\"headline\":\"Alumnos y especialistas de las universidades de Singapur, Pretoria y Navarra visitan el Hemiciclo Solar de Ruiz-Larrea\",\"datePublished\":\"2023-06-20T09:50:49+00:00\",\"dateModified\":\"2023-06-20T10:34:54+00:00\",\"mainEntityOfPage\":{\"@id\":\"https:\/\/ruizlarrea.com\/alumnos-y-especialistas-de-las-universidades-de-singapur-pretoria-y-navarra-visitan-el-hemiciclo-solar-de-ruiz-larrea\/\"},\"wordCount\":883,\"publisher\":{\"@id\":\"https:\/\/ruizlarrea.com\/en\/#organization\"},\"keywords\":[\"comunicaci\u00f3n\"],\"articleSection\":[\"Oficinas\"],\"inLanguage\":\"ca\"},{\"@type\":\"WebPage\",\"@id\":\"https:\/\/ruizlarrea.com\/alumnos-y-especialistas-de-las-universidades-de-singapur-pretoria-y-navarra-visitan-el-hemiciclo-solar-de-ruiz-larrea\/\",\"url\":\"https:\/\/ruizlarrea.com\/alumnos-y-especialistas-de-las-universidades-de-singapur-pretoria-y-navarra-visitan-el-hemiciclo-solar-de-ruiz-larrea\/\",\"name\":\"Alumnos y especialistas de las universidades de Singapur, Pretoria y Navarra visitan el Hemiciclo Solar de Ruiz-Larrea - Ruiz Larrea\",\"isPartOf\":{\"@id\":\"https:\/\/ruizlarrea.com\/en\/#website\"},\"datePublished\":\"2023-06-20T09:50:49+00:00\",\"dateModified\":\"2023-06-20T10:34:54+00:00\",\"breadcrumb\":{\"@id\":\"https:\/\/ruizlarrea.com\/alumnos-y-especialistas-de-las-universidades-de-singapur-pretoria-y-navarra-visitan-el-hemiciclo-solar-de-ruiz-larrea\/#breadcrumb\"},\"inLanguage\":\"ca\",\"potentialAction\":[{\"@type\":\"ReadAction\",\"target\":[\"https:\/\/ruizlarrea.com\/alumnos-y-especialistas-de-las-universidades-de-singapur-pretoria-y-navarra-visitan-el-hemiciclo-solar-de-ruiz-larrea\/\"]}]},{\"@type\":\"BreadcrumbList\",\"@id\":\"https:\/\/ruizlarrea.com\/alumnos-y-especialistas-de-las-universidades-de-singapur-pretoria-y-navarra-visitan-el-hemiciclo-solar-de-ruiz-larrea\/#breadcrumb\",\"itemListElement\":[{\"@type\":\"ListItem\",\"position\":1,\"name\":\"Portada\",\"item\":\"https:\/\/ruizlarrea.com\/\"},{\"@type\":\"ListItem\",\"position\":2,\"name\":\"Alumnos y especialistas de las universidades de Singapur, Pretoria y Navarra visitan el Hemiciclo Solar de Ruiz-Larrea\"}]},{\"@type\":\"WebSite\",\"@id\":\"https:\/\/ruizlarrea.com\/en\/#website\",\"url\":\"https:\/\/ruizlarrea.com\/en\/\",\"name\":\"2gv Arquitectura\",\"description\":\"Arquitectura\",\"publisher\":{\"@id\":\"https:\/\/ruizlarrea.com\/en\/#organization\"},\"potentialAction\":[{\"@type\":\"SearchAction\",\"target\":{\"@type\":\"EntryPoint\",\"urlTemplate\":\"https:\/\/ruizlarrea.com\/en\/?s={search_term_string}\"},\"query-input\":\"required name=search_term_string\"}],\"inLanguage\":\"ca\"},{\"@type\":\"Organization\",\"@id\":\"https:\/\/ruizlarrea.com\/en\/#organization\",\"name\":\"2GV\",\"url\":\"https:\/\/ruizlarrea.com\/en\/\",\"logo\":{\"@type\":\"ImageObject\",\"inLanguage\":\"ca\",\"@id\":\"https:\/\/ruizlarrea.com\/en\/#\/schema\/logo\/image\/\",\"url\":\"https:\/\/ruizlarrea.com\/wp-content\/uploads\/2019\/10\/2gv_-logo-color-negro-e1571069923777.png\",\"contentUrl\":\"https:\/\/ruizlarrea.com\/wp-content\/uploads\/2019\/10\/2gv_-logo-color-negro-e1571069923777.png\",\"width\":150,\"height\":113,\"caption\":\"2GV\"},\"image\":{\"@id\":\"https:\/\/ruizlarrea.com\/en\/#\/schema\/logo\/image\/\"},\"sameAs\":[\"https:\/\/www.facebook.com\/2gvArquitectura\/\",\"https:\/\/www.instagram.com\/2gv_arq\/\",\"https:\/\/www.linkedin.com\/company\/dosgeuvearquitectura-s.l.p.\"]},{\"@type\":\"Person\",\"@id\":\"https:\/\/ruizlarrea.com\/en\/#\/schema\/person\/ca9cc31ed230229a58508c1d370fc4e2\",\"name\":\"2gvarquitectura\",\"image\":{\"@type\":\"ImageObject\",\"inLanguage\":\"ca\",\"@id\":\"https:\/\/ruizlarrea.com\/en\/#\/schema\/person\/image\/\",\"url\":\"https:\/\/secure.gravatar.com\/avatar\/99dd647ed9e1b8b4f8077d1a9de3e451?s=96&d=mm&r=g\",\"contentUrl\":\"https:\/\/secure.gravatar.com\/avatar\/99dd647ed9e1b8b4f8077d1a9de3e451?s=96&d=mm&r=g\",\"caption\":\"2gvarquitectura\"}}]}<\/script>\n<!-- \/ Yoast SEO plugin. -->","yoast_head_json":{"title":"Alumnos y especialistas de las universidades de Singapur, Pretoria y Navarra visitan el Hemiciclo Solar de Ruiz-Larrea - Ruiz Larrea","robots":{"index":"index","follow":"follow","max-snippet":"max-snippet:-1","max-image-preview":"max-image-preview:large","max-video-preview":"max-video-preview:-1"},"canonical":"https:\/\/ruizlarrea.com\/ca\/alumnos-y-especialistas-de-las-universidades-de-singapur-pretoria-y-navarra-visitan-el-hemiciclo-solar-de-ruiz-larrea\/","og_locale":"ca_ES","og_type":"article","og_title":"Alumnos y especialistas de las universidades de Singapur, Pretoria y Navarra visitan el Hemiciclo Solar de Ruiz-Larrea - Ruiz Larrea","og_description":"Alumnos y especialistas de las universidades de Singapur, Pretoria y Navarra visitan el Hemiciclo Solar de Ruiz-Larrea&nbsp; A la master class impartida por C\u00e9sar Ruiz-Larrea en el campus de la UNAV en Madrid le sigui\u00f3 la visita al edificio, primer [&hellip;]","og_url":"https:\/\/ruizlarrea.com\/ca\/alumnos-y-especialistas-de-las-universidades-de-singapur-pretoria-y-navarra-visitan-el-hemiciclo-solar-de-ruiz-larrea\/","og_site_name":"Ruiz Larrea","article_publisher":"https:\/\/www.facebook.com\/2gvArquitectura\/","article_published_time":"2023-06-20T09:50:49+00:00","article_modified_time":"2023-06-20T10:34:54+00:00","og_image":[{"width":2560,"height":1440,"url":"https:\/\/ruizlarrea.com\/wp-content\/uploads\/2023\/06\/foto-ENTRADA-hemiciclo-scaled.jpg","type":"image\/jpeg"}],"author":"2gvarquitectura","twitter_card":"summary_large_image","twitter_misc":{"Escrit per":"2gvarquitectura","Temps estimat de lectura":"4 minuts"},"schema":{"@context":"https:\/\/schema.org","@graph":[{"@type":"Article","@id":"https:\/\/ruizlarrea.com\/alumnos-y-especialistas-de-las-universidades-de-singapur-pretoria-y-navarra-visitan-el-hemiciclo-solar-de-ruiz-larrea\/#article","isPartOf":{"@id":"https:\/\/ruizlarrea.com\/alumnos-y-especialistas-de-las-universidades-de-singapur-pretoria-y-navarra-visitan-el-hemiciclo-solar-de-ruiz-larrea\/"},"author":{"name":"2gvarquitectura","@id":"https:\/\/ruizlarrea.com\/en\/#\/schema\/person\/ca9cc31ed230229a58508c1d370fc4e2"},"headline":"Alumnos y especialistas de las universidades de Singapur, Pretoria y Navarra visitan el Hemiciclo Solar de Ruiz-Larrea","datePublished":"2023-06-20T09:50:49+00:00","dateModified":"2023-06-20T10:34:54+00:00","mainEntityOfPage":{"@id":"https:\/\/ruizlarrea.com\/alumnos-y-especialistas-de-las-universidades-de-singapur-pretoria-y-navarra-visitan-el-hemiciclo-solar-de-ruiz-larrea\/"},"wordCount":883,"publisher":{"@id":"https:\/\/ruizlarrea.com\/en\/#organization"},"keywords":["comunicaci\u00f3n"],"articleSection":["Oficinas"],"inLanguage":"ca"},{"@type":"WebPage","@id":"https:\/\/ruizlarrea.com\/alumnos-y-especialistas-de-las-universidades-de-singapur-pretoria-y-navarra-visitan-el-hemiciclo-solar-de-ruiz-larrea\/","url":"https:\/\/ruizlarrea.com\/alumnos-y-especialistas-de-las-universidades-de-singapur-pretoria-y-navarra-visitan-el-hemiciclo-solar-de-ruiz-larrea\/","name":"Alumnos y especialistas de las universidades de Singapur, Pretoria y Navarra visitan el Hemiciclo Solar de Ruiz-Larrea - Ruiz Larrea","isPartOf":{"@id":"https:\/\/ruizlarrea.com\/en\/#website"},"datePublished":"2023-06-20T09:50:49+00:00","dateModified":"2023-06-20T10:34:54+00:00","breadcrumb":{"@id":"https:\/\/ruizlarrea.com\/alumnos-y-especialistas-de-las-universidades-de-singapur-pretoria-y-navarra-visitan-el-hemiciclo-solar-de-ruiz-larrea\/#breadcrumb"},"inLanguage":"ca","potentialAction":[{"@type":"ReadAction","target":["https:\/\/ruizlarrea.com\/alumnos-y-especialistas-de-las-universidades-de-singapur-pretoria-y-navarra-visitan-el-hemiciclo-solar-de-ruiz-larrea\/"]}]},{"@type":"BreadcrumbList","@id":"https:\/\/ruizlarrea.com\/alumnos-y-especialistas-de-las-universidades-de-singapur-pretoria-y-navarra-visitan-el-hemiciclo-solar-de-ruiz-larrea\/#breadcrumb","itemListElement":[{"@type":"ListItem","position":1,"name":"Portada","item":"https:\/\/ruizlarrea.com\/"},{"@type":"ListItem","position":2,"name":"Alumnos y especialistas de las universidades de Singapur, Pretoria y Navarra visitan el Hemiciclo Solar de Ruiz-Larrea"}]},{"@type":"WebSite","@id":"https:\/\/ruizlarrea.com\/en\/#website","url":"https:\/\/ruizlarrea.com\/en\/","name":"2gv Arquitectura","description":"Arquitectura","publisher":{"@id":"https:\/\/ruizlarrea.com\/en\/#organization"},"potentialAction":[{"@type":"SearchAction","target":{"@type":"EntryPoint","urlTemplate":"https:\/\/ruizlarrea.com\/en\/?s={search_term_string}"},"query-input":"required name=search_term_string"}],"inLanguage":"ca"},{"@type":"Organization","@id":"https:\/\/ruizlarrea.com\/en\/#organization","name":"2GV","url":"https:\/\/ruizlarrea.com\/en\/","logo":{"@type":"ImageObject","inLanguage":"ca","@id":"https:\/\/ruizlarrea.com\/en\/#\/schema\/logo\/image\/","url":"https:\/\/ruizlarrea.com\/wp-content\/uploads\/2019\/10\/2gv_-logo-color-negro-e1571069923777.png","contentUrl":"https:\/\/ruizlarrea.com\/wp-content\/uploads\/2019\/10\/2gv_-logo-color-negro-e1571069923777.png","width":150,"height":113,"caption":"2GV"},"image":{"@id":"https:\/\/ruizlarrea.com\/en\/#\/schema\/logo\/image\/"},"sameAs":["https:\/\/www.facebook.com\/2gvArquitectura\/","https:\/\/www.instagram.com\/2gv_arq\/","https:\/\/www.linkedin.com\/company\/dosgeuvearquitectura-s.l.p."]},{"@type":"Person","@id":"https:\/\/ruizlarrea.com\/en\/#\/schema\/person\/ca9cc31ed230229a58508c1d370fc4e2","name":"2gvarquitectura","image":{"@type":"ImageObject","inLanguage":"ca","@id":"https:\/\/ruizlarrea.com\/en\/#\/schema\/person\/image\/","url":"https:\/\/secure.gravatar.com\/avatar\/99dd647ed9e1b8b4f8077d1a9de3e451?s=96&d=mm&r=g","contentUrl":"https:\/\/secure.gravatar.com\/avatar\/99dd647ed9e1b8b4f8077d1a9de3e451?s=96&d=mm&r=g","caption":"2gvarquitectura"}}]}},"_links":{"self":[{"href":"https:\/\/ruizlarrea.com\/ca\/wp-json\/wp\/v2\/posts\/9380"}],"collection":[{"href":"https:\/\/ruizlarrea.com\/ca\/wp-json\/wp\/v2\/posts"}],"about":[{"href":"https:\/\/ruizlarrea.com\/ca\/wp-json\/wp\/v2\/types\/post"}],"author":[{"embeddable":true,"href":"https:\/\/ruizlarrea.com\/ca\/wp-json\/wp\/v2\/users\/1"}],"replies":[{"embeddable":true,"href":"https:\/\/ruizlarrea.com\/ca\/wp-json\/wp\/v2\/comments?post=9380"}],"version-history":[{"count":10,"href":"https:\/\/ruizlarrea.com\/ca\/wp-json\/wp\/v2\/posts\/9380\/revisions"}],"predecessor-version":[{"id":9394,"href":"https:\/\/ruizlarrea.com\/ca\/wp-json\/wp\/v2\/posts\/9380\/revisions\/9394"}],"wp:featuredmedia":[{"embeddable":true,"href":"https:\/\/ruizlarrea.com\/ca\/wp-json\/wp\/v2\/media\/9382"}],"wp:attachment":[{"href":"https:\/\/ruizlarrea.com\/ca\/wp-json\/wp\/v2\/media?parent=9380"}],"wp:term":[{"taxonomy":"category","embeddable":true,"href":"https:\/\/ruizlarrea.com\/ca\/wp-json\/wp\/v2\/categories?post=9380"},{"taxonomy":"post_tag","embeddable":true,"href":"https:\/\/ruizlarrea.com\/ca\/wp-json\/wp\/v2\/tags?post=9380"}],"curies":[{"name":"wp","href":"https:\/\/api.w.org\/{rel}","templated":true}]}}