{"id":9345,"date":"2023-06-19T11:58:20","date_gmt":"2023-06-19T09:58:20","guid":{"rendered":"https:\/\/ruizlarrea.com\/?p=9345"},"modified":"2023-06-19T12:33:16","modified_gmt":"2023-06-19T10:33:16","slug":"ruiz-larrea-arquitectura-inicia-la-remodelacion-del-historico-hotel-palace-de-madrid","status":"publish","type":"post","link":"https:\/\/ruizlarrea.com\/ca\/ruiz-larrea-arquitectura-inicia-la-remodelacion-del-historico-hotel-palace-de-madrid\/","title":{"rendered":"Ruiz-Larrea Arquitectura inicia la remodelaci\u00f3n del hist\u00f3rico Hotel Palace de Madrid"},"content":{"rendered":"<div data-elementor-type=\"wp-post\" data-elementor-id=\"9345\" class=\"elementor elementor-9345\">\n\t\t\t\t\t\t<div class=\"elementor-inner\">\n\t\t\t\t<div class=\"elementor-section-wrap\">\n\t\t\t\t\t\t\t\t\t<section class=\"elementor-section elementor-top-section elementor-element elementor-element-336af0d elementor-section-boxed elementor-section-height-default elementor-section-height-default\" data-id=\"336af0d\" data-element_type=\"section\">\n\t\t\t\t\t\t<div class=\"elementor-container elementor-column-gap-default\">\n\t\t\t\t\t\t\t<div class=\"elementor-row\">\n\t\t\t\t\t<div class=\"elementor-column elementor-col-100 elementor-top-column elementor-element elementor-element-6767b61\" data-id=\"6767b61\" data-element_type=\"column\">\n\t\t\t<div class=\"elementor-column-wrap elementor-element-populated\">\n\t\t\t\t\t\t\t<div class=\"elementor-widget-wrap\">\n\t\t\t\t\t\t<div class=\"elementor-element elementor-element-8c91203 elementor-widget elementor-widget-spacer\" data-id=\"8c91203\" data-element_type=\"widget\" data-widget_type=\"spacer.default\">\n\t\t\t\t<div class=\"elementor-widget-container\">\n\t\t\t\t\t<div class=\"elementor-spacer\">\n\t\t\t<div class=\"elementor-spacer-inner\"><\/div>\n\t\t<\/div>\n\t\t\t\t<\/div>\n\t\t\t\t<\/div>\n\t\t\t\t\t\t<\/div>\n\t\t\t\t\t<\/div>\n\t\t<\/div>\n\t\t\t\t\t\t\t\t<\/div>\n\t\t\t\t\t<\/div>\n\t\t<\/section>\n\t\t\t\t<section class=\"elementor-section elementor-top-section elementor-element elementor-element-7f9f7d7 elementor-section-boxed elementor-section-height-default elementor-section-height-default\" data-id=\"7f9f7d7\" data-element_type=\"section\">\n\t\t\t\t\t\t<div class=\"elementor-container elementor-column-gap-default\">\n\t\t\t\t\t\t\t<div class=\"elementor-row\">\n\t\t\t\t\t<div class=\"elementor-column elementor-col-100 elementor-top-column elementor-element elementor-element-3e9e761\" data-id=\"3e9e761\" data-element_type=\"column\">\n\t\t\t<div class=\"elementor-column-wrap\">\n\t\t\t\t\t\t\t<div class=\"elementor-widget-wrap\">\n\t\t\t\t\t\t\t\t<\/div>\n\t\t\t\t\t<\/div>\n\t\t<\/div>\n\t\t\t\t\t\t\t\t<\/div>\n\t\t\t\t\t<\/div>\n\t\t<\/section>\n\t\t\t\t<section class=\"elementor-section elementor-top-section elementor-element elementor-element-930580c elementor-section-boxed elementor-section-height-default elementor-section-height-default\" data-id=\"930580c\" data-element_type=\"section\">\n\t\t\t\t\t\t<div class=\"elementor-container elementor-column-gap-default\">\n\t\t\t\t\t\t\t<div class=\"elementor-row\">\n\t\t\t\t\t<div class=\"elementor-column elementor-col-100 elementor-top-column elementor-element elementor-element-b0e0bb2\" data-id=\"b0e0bb2\" data-element_type=\"column\">\n\t\t\t<div class=\"elementor-column-wrap elementor-element-populated\">\n\t\t\t\t\t\t\t<div class=\"elementor-widget-wrap\">\n\t\t\t\t\t\t<div class=\"elementor-element elementor-element-5fd3111 elementor-widget elementor-widget-image\" data-id=\"5fd3111\" data-element_type=\"widget\" data-widget_type=\"image.default\">\n\t\t\t\t<div class=\"elementor-widget-container\">\n\t\t\t\t\t\t\t\t<div class=\"elementor-image\">\n\t\t\t\t\t\t\t\t\t\t\t\t<img decoding=\"async\" width=\"994\" height=\"611\" src=\"https:\/\/ruizlarrea.com\/wp-content\/uploads\/2023\/06\/Captura-de-Pantalla-2023-06-19-a-les-11.57.16.png\" class=\"attachment-large size-large\" alt=\"\" loading=\"lazy\" srcset=\"https:\/\/ruizlarrea.com\/wp-content\/uploads\/2023\/06\/Captura-de-Pantalla-2023-06-19-a-les-11.57.16.png 994w, https:\/\/ruizlarrea.com\/wp-content\/uploads\/2023\/06\/Captura-de-Pantalla-2023-06-19-a-les-11.57.16-300x184.png 300w, https:\/\/ruizlarrea.com\/wp-content\/uploads\/2023\/06\/Captura-de-Pantalla-2023-06-19-a-les-11.57.16-768x472.png 768w, https:\/\/ruizlarrea.com\/wp-content\/uploads\/2023\/06\/Captura-de-Pantalla-2023-06-19-a-les-11.57.16-18x12.png 18w, https:\/\/ruizlarrea.com\/wp-content\/uploads\/2023\/06\/Captura-de-Pantalla-2023-06-19-a-les-11.57.16-440x270.png 440w\" sizes=\"(max-width: 994px) 100vw, 994px\" \/>\t\t\t\t\t\t\t\t\t\t\t\t\t\t<\/div>\n\t\t\t\t\t\t<\/div>\n\t\t\t\t<\/div>\n\t\t\t\t<div class=\"elementor-element elementor-element-0bcf744 elementor-widget elementor-widget-spacer\" data-id=\"0bcf744\" data-element_type=\"widget\" data-widget_type=\"spacer.default\">\n\t\t\t\t<div class=\"elementor-widget-container\">\n\t\t\t\t\t<div class=\"elementor-spacer\">\n\t\t\t<div class=\"elementor-spacer-inner\"><\/div>\n\t\t<\/div>\n\t\t\t\t<\/div>\n\t\t\t\t<\/div>\n\t\t\t\t\t\t<\/div>\n\t\t\t\t\t<\/div>\n\t\t<\/div>\n\t\t\t\t\t\t\t\t<\/div>\n\t\t\t\t\t<\/div>\n\t\t<\/section>\n\t\t\t\t<section class=\"elementor-section elementor-top-section elementor-element elementor-element-a27095b elementor-section-boxed elementor-section-height-default elementor-section-height-default\" data-id=\"a27095b\" data-element_type=\"section\">\n\t\t\t\t\t\t<div class=\"elementor-container elementor-column-gap-default\">\n\t\t\t\t\t\t\t<div class=\"elementor-row\">\n\t\t\t\t\t<div class=\"elementor-column elementor-col-100 elementor-top-column elementor-element elementor-element-e460632\" data-id=\"e460632\" data-element_type=\"column\">\n\t\t\t<div class=\"elementor-column-wrap elementor-element-populated\">\n\t\t\t\t\t\t\t<div class=\"elementor-widget-wrap\">\n\t\t\t\t\t\t<div class=\"elementor-element elementor-element-7ba19e8 elementor-widget elementor-widget-text-editor\" data-id=\"7ba19e8\" data-element_type=\"widget\" data-widget_type=\"text-editor.default\">\n\t\t\t\t<div class=\"elementor-widget-container\">\n\t\t\t\t\t\t\t\t<div class=\"elementor-text-editor elementor-clearfix\">\n\t\t\t\t<h2 style=\"text-align: left;\">Ruiz-Larrea Arquitectura inicia la remodelaci\u00f3n del hist\u00f3rico Hotel Palace<\/h2><p><strong>El hotel, BIC con m\u00e1xima protecci\u00f3n en la categor\u00eda de monumento, se renueva primando el respeto patrimonial y una oferta \u00fanica adaptada a los nuevos viajeros<\/strong><\/p><p>__<\/p><p>16\/06\/2023. <a href=\"https:\/\/ruizlarrea.com\/ca\/\">Ruiz-Larrea Arquitectura<\/a> (RL) ha iniciado la remodelaci\u00f3n del ic\u00f3nico <strong>Hotel Palace de Madrid<\/strong> con el objetivo de rejuvenecer esta joya del patrimonio hist\u00f3rico espa\u00f1ol y de continuar ofreciendo a sus hu\u00e9spedes experiencias exclusivas mediante la adaptaci\u00f3n a las nuevas preferencias de los viajeros actuales.<\/p><p>Marriott Internacional, operador, y Archer Hotel Capital, propietario, han anunciado la gran transformaci\u00f3n, que incluir\u00e1 todas las habitaciones, las \u00e1reas comunes, las salas de reuniones, los bares, restaurantes y el <em>fitness center<\/em>. Tras ello, el inmueble se reincorporar\u00e1 a la marca The Luxury Collection de Marriott como el sexto hotel de la misma en Espa\u00f1a.<\/p><p>Ruiz-Larrea Arquitectura, estudio especializado en transformaci\u00f3n patrimonial y sostenibilidad, firma el proyecto arquitect\u00f3nico y ejerce la direcci\u00f3n de obra. La renovaci\u00f3n de interiores cuenta con el reconocido dise\u00f1ador L\u00e1zaro Rosa-Viol\u00e1n.<\/p><p>El equipo de intervenci\u00f3n se inspira en el legado del hotel, su arraigo y su conexi\u00f3n con la vida cultural, art\u00edstica y social de Madrid para elevar la historia del edificio, preservando todas las caracter\u00edsticas que le confirieron el reconocimiento como Bien de Inter\u00e9s Cultural (BIC) en la categor\u00eda de monumento. Ello, al tiempo que el Palace contin\u00faa ofreciendo una experiencia de lujo contempor\u00e1neo con una fuerte identidad.<\/p><p>La renovaci\u00f3n que ahora comienza constar\u00e1 de varias fases y tiene prevista una duraci\u00f3n de catorce meses, durante los cuales el hotel permanecer\u00e1 siempre abierto. La primera intervenci\u00f3n visible se realizar\u00e1 en la fachada, que ser\u00e1 preservada y restaurada. Adem\u00e1s, El hotel introducir\u00e1 nuevos conceptos de restauraci\u00f3n a la amplia y rica oferta gastron\u00f3mica de Madrid, que cautivar\u00e1n por igual a hu\u00e9spedes internacionales y locales con un estilo elegante y sofisticado.<\/p><p><strong>Dos intervenciones en el Paisaje de la Luz<\/strong><\/p><p>Con una ubicaci\u00f3n privilegiada, dentro del Paisaje de la Luz declarado por la UNESCO en 2021, The Westin Palace fue el hotel moderno m\u00e1s grande de Europa cuando abri\u00f3 sus puertas en 1912. En sus 110 a\u00f1os de historia, ha acogido a algunos de los hu\u00e9spedes m\u00e1s ilustres que han pasado por la capital de Espa\u00f1a, desde artistas como Dal\u00ed o Picasso a estrellas de Hollywood como Ava Gardner u Orson Welles, Bruce Springsteen y Antonio Banderas, as\u00ed como algunos de los cient\u00edficos m\u00e1s reconocidos, como Albert Einstein y Marie Curie a principios de la d\u00e9cada de 1920.<\/p><p>Con el inicio de las obras, Ruiz-Larrea desarrolla en la actualidad dos destacadas intervenciones en el Paisaje de la Luz: una, la del Hotel Palace, que ocupa la manzana del final de la Carrera de San Jer\u00f3nimo y la Plaza de C\u00e1novas del Castillo (tambi\u00e9n conocida por Neptuno por la fuente del dios romano); la segunda intervenci\u00f3n es la del Banco de Espa\u00f1a, donde RL acomete la transformaci\u00f3n de la <strong>Torre Cibeles<\/strong>, edificio que ocupa el patio de manzana interior de la entidad reguladora.<\/p><p>Tambi\u00e9n en el eje del Prado-Recoletos-Castellana, Ruiz-Larrea ejecuta una tercera actuaci\u00f3n regenerativa, la de la antigua casa-palacio situada en <strong>Castellana 19<\/strong>, que se convertir\u00e1 en la primera transformaci\u00f3n Passivhaus de oficinas en la capital.<\/p><p><strong>M\u00e1s informaci\u00f3n, entrevistas o im\u00e1genes:<\/strong><\/p><p><span style=\"font-weight: 400;\">\u00c1ngel Calleja, director de Comunicaci\u00f3n y Relaciones Institucionales<\/span><\/p><p><a href=\"mailto:a.calleja@ruizlarrea.com\"><span style=\"font-weight: 400;\">a.calleja@ruizlarrea.com<\/span><\/a><span style=\"font-weight: 400;\"> \/ +34 671 150 20<\/span><\/p>\t\t\t\t\t<\/div>\n\t\t\t\t\t\t<\/div>\n\t\t\t\t<\/div>\n\t\t\t\t\t\t<\/div>\n\t\t\t\t\t<\/div>\n\t\t<\/div>\n\t\t\t\t\t\t\t\t<\/div>\n\t\t\t\t\t<\/div>\n\t\t<\/section>\n\t\t\t\t<section class=\"elementor-section elementor-top-section elementor-element elementor-element-4251d7f elementor-section-boxed elementor-section-height-default elementor-section-height-default\" data-id=\"4251d7f\" data-element_type=\"section\">\n\t\t\t\t\t\t<div class=\"elementor-container elementor-column-gap-default\">\n\t\t\t\t\t\t\t<div class=\"elementor-row\">\n\t\t\t\t\t<div class=\"elementor-column elementor-col-100 elementor-top-column elementor-element elementor-element-0cbcb62\" data-id=\"0cbcb62\" data-element_type=\"column\">\n\t\t\t<div class=\"elementor-column-wrap elementor-element-populated\">\n\t\t\t\t\t\t\t<div class=\"elementor-widget-wrap\">\n\t\t\t\t\t\t<div class=\"elementor-element elementor-element-657a243 elementor-widget elementor-widget-spacer\" data-id=\"657a243\" data-element_type=\"widget\" data-widget_type=\"spacer.default\">\n\t\t\t\t<div class=\"elementor-widget-container\">\n\t\t\t\t\t<div class=\"elementor-spacer\">\n\t\t\t<div class=\"elementor-spacer-inner\"><\/div>\n\t\t<\/div>\n\t\t\t\t<\/div>\n\t\t\t\t<\/div>\n\t\t\t\t<div class=\"elementor-element elementor-element-a0d1292 elementor-align-center elementor-widget elementor-widget-button\" data-id=\"a0d1292\" data-element_type=\"widget\" data-widget_type=\"button.default\">\n\t\t\t\t<div class=\"elementor-widget-container\">\n\t\t\t\t\t<div class=\"elementor-button-wrapper\">\n\t\t\t<a href=\"https:\/\/ruizlarrea.com\/ca\/actualidad\/\" class=\"elementor-button-link elementor-button elementor-size-sm\" role=\"button\">\n\t\t\t\t\t\t<span class=\"elementor-button-content-wrapper\">\n\t\t\t\t\t\t\t<span class=\"elementor-button-icon elementor-align-icon-left\">\n\t\t\t\t<i aria-hidden=\"true\" class=\"fas fa-angle-left\"><\/i>\t\t\t<\/span>\n\t\t\t\t\t\t<span class=\"elementor-button-text\">Comunicaci\u00f3n<\/span>\n\t\t<\/span>\n\t\t\t\t\t<\/a>\n\t\t<\/div>\n\t\t\t\t<\/div>\n\t\t\t\t<\/div>\n\t\t\t\t\t\t<\/div>\n\t\t\t\t\t<\/div>\n\t\t<\/div>\n\t\t\t\t\t\t\t\t<\/div>\n\t\t\t\t\t<\/div>\n\t\t<\/section>\n\t\t\t\t<section class=\"elementor-section elementor-top-section elementor-element elementor-element-2581f95 elementor-section-boxed elementor-section-height-default elementor-section-height-default\" data-id=\"2581f95\" data-element_type=\"section\">\n\t\t\t\t\t\t<div class=\"elementor-container elementor-column-gap-default\">\n\t\t\t\t\t\t\t<div class=\"elementor-row\">\n\t\t\t\t\t<div class=\"elementor-column elementor-col-100 elementor-top-column elementor-element elementor-element-ab4dba0\" data-id=\"ab4dba0\" data-element_type=\"column\">\n\t\t\t<div class=\"elementor-column-wrap\">\n\t\t\t\t\t\t\t<div class=\"elementor-widget-wrap\">\n\t\t\t\t\t\t\t\t<\/div>\n\t\t\t\t\t<\/div>\n\t\t<\/div>\n\t\t\t\t\t\t\t\t<\/div>\n\t\t\t\t\t<\/div>\n\t\t<\/section>\n\t\t\t\t\t\t\t\t\t<\/div>\n\t\t\t<\/div>\n\t\t\t\t\t<\/div>","protected":false},"excerpt":{"rendered":"<p>Ruiz-Larrea Arquitectura inicia la remodelaci\u00f3n del hist\u00f3rico Hotel Palace El hotel, BIC con m\u00e1xima protecci\u00f3n en la categor\u00eda de monumento, se renueva primando el respeto patrimonial y una oferta \u00fanica adaptada a los nuevos viajeros __ 16\/06\/2023. Ruiz-Larrea Arquitectura (RL) [&hellip;]<\/p>","protected":false},"author":1,"featured_media":9347,"comment_status":"closed","ping_status":"open","sticky":false,"template":"elementor_header_footer","format":"standard","meta":[],"categories":[19],"tags":[32],"yoast_head":"<!-- This site is optimized with the Yoast SEO plugin v20.2 - https:\/\/yoast.com\/wordpress\/plugins\/seo\/ -->\n<title>Ruiz-Larrea Arquitectura inicia la remodelaci\u00f3n del hist\u00f3rico Hotel Palace de Madrid - Ruiz Larrea<\/title>\n<meta name=\"robots\" content=\"index, follow, max-snippet:-1, max-image-preview:large, max-video-preview:-1\" \/>\n<link rel=\"canonical\" href=\"https:\/\/ruizlarrea.com\/ca\/ruiz-larrea-arquitectura-inicia-la-remodelacion-del-historico-hotel-palace-de-madrid\/\" \/>\n<meta property=\"og:locale\" content=\"ca_ES\" \/>\n<meta property=\"og:type\" content=\"article\" \/>\n<meta property=\"og:title\" content=\"Ruiz-Larrea Arquitectura inicia la remodelaci\u00f3n del hist\u00f3rico Hotel Palace de Madrid - Ruiz Larrea\" \/>\n<meta property=\"og:description\" content=\"Ruiz-Larrea Arquitectura inicia la remodelaci\u00f3n del hist\u00f3rico Hotel Palace El hotel, BIC con m\u00e1xima protecci\u00f3n en la categor\u00eda de monumento, se renueva primando el respeto patrimonial y una oferta \u00fanica adaptada a los nuevos viajeros __ 16\/06\/2023. Ruiz-Larrea Arquitectura (RL) [&hellip;]\" \/>\n<meta property=\"og:url\" content=\"https:\/\/ruizlarrea.com\/ca\/ruiz-larrea-arquitectura-inicia-la-remodelacion-del-historico-hotel-palace-de-madrid\/\" \/>\n<meta property=\"og:site_name\" content=\"Ruiz Larrea\" \/>\n<meta property=\"article:publisher\" content=\"https:\/\/www.facebook.com\/2gvArquitectura\/\" \/>\n<meta property=\"article:published_time\" content=\"2023-06-19T09:58:20+00:00\" \/>\n<meta property=\"article:modified_time\" content=\"2023-06-19T10:33:16+00:00\" \/>\n<meta property=\"og:image\" content=\"https:\/\/ruizlarrea.com\/wp-content\/uploads\/2023\/06\/Captura-de-Pantalla-2023-06-19-a-les-11.57.16.png\" \/>\n\t<meta property=\"og:image:width\" content=\"994\" \/>\n\t<meta property=\"og:image:height\" content=\"611\" \/>\n\t<meta property=\"og:image:type\" content=\"image\/png\" \/>\n<meta name=\"author\" content=\"2gvarquitectura\" \/>\n<meta name=\"twitter:card\" content=\"summary_large_image\" \/>\n<meta name=\"twitter:label1\" content=\"Escrit per\" \/>\n\t<meta name=\"twitter:data1\" content=\"2gvarquitectura\" \/>\n\t<meta name=\"twitter:label2\" content=\"Temps estimat de lectura\" \/>\n\t<meta name=\"twitter:data2\" content=\"3 minuts\" \/>\n<script type=\"application\/ld+json\" class=\"yoast-schema-graph\">{\"@context\":\"https:\/\/schema.org\",\"@graph\":[{\"@type\":\"Article\",\"@id\":\"https:\/\/ruizlarrea.com\/ruiz-larrea-arquitectura-inicia-la-remodelacion-del-historico-hotel-palace-de-madrid\/#article\",\"isPartOf\":{\"@id\":\"https:\/\/ruizlarrea.com\/ruiz-larrea-arquitectura-inicia-la-remodelacion-del-historico-hotel-palace-de-madrid\/\"},\"author\":{\"name\":\"2gvarquitectura\",\"@id\":\"https:\/\/ruizlarrea.com\/en\/#\/schema\/person\/ca9cc31ed230229a58508c1d370fc4e2\"},\"headline\":\"Ruiz-Larrea Arquitectura inicia la remodelaci\u00f3n del hist\u00f3rico Hotel Palace de Madrid\",\"datePublished\":\"2023-06-19T09:58:20+00:00\",\"dateModified\":\"2023-06-19T10:33:16+00:00\",\"mainEntityOfPage\":{\"@id\":\"https:\/\/ruizlarrea.com\/ruiz-larrea-arquitectura-inicia-la-remodelacion-del-historico-hotel-palace-de-madrid\/\"},\"wordCount\":612,\"publisher\":{\"@id\":\"https:\/\/ruizlarrea.com\/en\/#organization\"},\"keywords\":[\"comunicaci\u00f3n\"],\"articleSection\":[\"Oficinas\"],\"inLanguage\":\"ca\"},{\"@type\":\"WebPage\",\"@id\":\"https:\/\/ruizlarrea.com\/ruiz-larrea-arquitectura-inicia-la-remodelacion-del-historico-hotel-palace-de-madrid\/\",\"url\":\"https:\/\/ruizlarrea.com\/ruiz-larrea-arquitectura-inicia-la-remodelacion-del-historico-hotel-palace-de-madrid\/\",\"name\":\"Ruiz-Larrea Arquitectura inicia la remodelaci\u00f3n del hist\u00f3rico Hotel Palace de Madrid - Ruiz Larrea\",\"isPartOf\":{\"@id\":\"https:\/\/ruizlarrea.com\/en\/#website\"},\"datePublished\":\"2023-06-19T09:58:20+00:00\",\"dateModified\":\"2023-06-19T10:33:16+00:00\",\"breadcrumb\":{\"@id\":\"https:\/\/ruizlarrea.com\/ruiz-larrea-arquitectura-inicia-la-remodelacion-del-historico-hotel-palace-de-madrid\/#breadcrumb\"},\"inLanguage\":\"ca\",\"potentialAction\":[{\"@type\":\"ReadAction\",\"target\":[\"https:\/\/ruizlarrea.com\/ruiz-larrea-arquitectura-inicia-la-remodelacion-del-historico-hotel-palace-de-madrid\/\"]}]},{\"@type\":\"BreadcrumbList\",\"@id\":\"https:\/\/ruizlarrea.com\/ruiz-larrea-arquitectura-inicia-la-remodelacion-del-historico-hotel-palace-de-madrid\/#breadcrumb\",\"itemListElement\":[{\"@type\":\"ListItem\",\"position\":1,\"name\":\"Portada\",\"item\":\"https:\/\/ruizlarrea.com\/\"},{\"@type\":\"ListItem\",\"position\":2,\"name\":\"Ruiz-Larrea Arquitectura inicia la remodelaci\u00f3n del hist\u00f3rico Hotel Palace de Madrid\"}]},{\"@type\":\"WebSite\",\"@id\":\"https:\/\/ruizlarrea.com\/en\/#website\",\"url\":\"https:\/\/ruizlarrea.com\/en\/\",\"name\":\"2gv Arquitectura\",\"description\":\"Arquitectura\",\"publisher\":{\"@id\":\"https:\/\/ruizlarrea.com\/en\/#organization\"},\"potentialAction\":[{\"@type\":\"SearchAction\",\"target\":{\"@type\":\"EntryPoint\",\"urlTemplate\":\"https:\/\/ruizlarrea.com\/en\/?s={search_term_string}\"},\"query-input\":\"required name=search_term_string\"}],\"inLanguage\":\"ca\"},{\"@type\":\"Organization\",\"@id\":\"https:\/\/ruizlarrea.com\/en\/#organization\",\"name\":\"2GV\",\"url\":\"https:\/\/ruizlarrea.com\/en\/\",\"logo\":{\"@type\":\"ImageObject\",\"inLanguage\":\"ca\",\"@id\":\"https:\/\/ruizlarrea.com\/en\/#\/schema\/logo\/image\/\",\"url\":\"https:\/\/ruizlarrea.com\/wp-content\/uploads\/2019\/10\/2gv_-logo-color-negro-e1571069923777.png\",\"contentUrl\":\"https:\/\/ruizlarrea.com\/wp-content\/uploads\/2019\/10\/2gv_-logo-color-negro-e1571069923777.png\",\"width\":150,\"height\":113,\"caption\":\"2GV\"},\"image\":{\"@id\":\"https:\/\/ruizlarrea.com\/en\/#\/schema\/logo\/image\/\"},\"sameAs\":[\"https:\/\/www.facebook.com\/2gvArquitectura\/\",\"https:\/\/www.instagram.com\/2gv_arq\/\",\"https:\/\/www.linkedin.com\/company\/dosgeuvearquitectura-s.l.p.\"]},{\"@type\":\"Person\",\"@id\":\"https:\/\/ruizlarrea.com\/en\/#\/schema\/person\/ca9cc31ed230229a58508c1d370fc4e2\",\"name\":\"2gvarquitectura\",\"image\":{\"@type\":\"ImageObject\",\"inLanguage\":\"ca\",\"@id\":\"https:\/\/ruizlarrea.com\/en\/#\/schema\/person\/image\/\",\"url\":\"https:\/\/secure.gravatar.com\/avatar\/99dd647ed9e1b8b4f8077d1a9de3e451?s=96&d=mm&r=g\",\"contentUrl\":\"https:\/\/secure.gravatar.com\/avatar\/99dd647ed9e1b8b4f8077d1a9de3e451?s=96&d=mm&r=g\",\"caption\":\"2gvarquitectura\"}}]}<\/script>\n<!-- \/ Yoast SEO plugin. -->","yoast_head_json":{"title":"Ruiz-Larrea Arquitectura inicia la remodelaci\u00f3n del hist\u00f3rico Hotel Palace de Madrid - Ruiz Larrea","robots":{"index":"index","follow":"follow","max-snippet":"max-snippet:-1","max-image-preview":"max-image-preview:large","max-video-preview":"max-video-preview:-1"},"canonical":"https:\/\/ruizlarrea.com\/ca\/ruiz-larrea-arquitectura-inicia-la-remodelacion-del-historico-hotel-palace-de-madrid\/","og_locale":"ca_ES","og_type":"article","og_title":"Ruiz-Larrea Arquitectura inicia la remodelaci\u00f3n del hist\u00f3rico Hotel Palace de Madrid - Ruiz Larrea","og_description":"Ruiz-Larrea Arquitectura inicia la remodelaci\u00f3n del hist\u00f3rico Hotel Palace El hotel, BIC con m\u00e1xima protecci\u00f3n en la categor\u00eda de monumento, se renueva primando el respeto patrimonial y una oferta \u00fanica adaptada a los nuevos viajeros __ 16\/06\/2023. Ruiz-Larrea Arquitectura (RL) [&hellip;]","og_url":"https:\/\/ruizlarrea.com\/ca\/ruiz-larrea-arquitectura-inicia-la-remodelacion-del-historico-hotel-palace-de-madrid\/","og_site_name":"Ruiz Larrea","article_publisher":"https:\/\/www.facebook.com\/2gvArquitectura\/","article_published_time":"2023-06-19T09:58:20+00:00","article_modified_time":"2023-06-19T10:33:16+00:00","og_image":[{"width":994,"height":611,"url":"https:\/\/ruizlarrea.com\/wp-content\/uploads\/2023\/06\/Captura-de-Pantalla-2023-06-19-a-les-11.57.16.png","type":"image\/png"}],"author":"2gvarquitectura","twitter_card":"summary_large_image","twitter_misc":{"Escrit per":"2gvarquitectura","Temps estimat de lectura":"3 minuts"},"schema":{"@context":"https:\/\/schema.org","@graph":[{"@type":"Article","@id":"https:\/\/ruizlarrea.com\/ruiz-larrea-arquitectura-inicia-la-remodelacion-del-historico-hotel-palace-de-madrid\/#article","isPartOf":{"@id":"https:\/\/ruizlarrea.com\/ruiz-larrea-arquitectura-inicia-la-remodelacion-del-historico-hotel-palace-de-madrid\/"},"author":{"name":"2gvarquitectura","@id":"https:\/\/ruizlarrea.com\/en\/#\/schema\/person\/ca9cc31ed230229a58508c1d370fc4e2"},"headline":"Ruiz-Larrea Arquitectura inicia la remodelaci\u00f3n del hist\u00f3rico Hotel Palace de Madrid","datePublished":"2023-06-19T09:58:20+00:00","dateModified":"2023-06-19T10:33:16+00:00","mainEntityOfPage":{"@id":"https:\/\/ruizlarrea.com\/ruiz-larrea-arquitectura-inicia-la-remodelacion-del-historico-hotel-palace-de-madrid\/"},"wordCount":612,"publisher":{"@id":"https:\/\/ruizlarrea.com\/en\/#organization"},"keywords":["comunicaci\u00f3n"],"articleSection":["Oficinas"],"inLanguage":"ca"},{"@type":"WebPage","@id":"https:\/\/ruizlarrea.com\/ruiz-larrea-arquitectura-inicia-la-remodelacion-del-historico-hotel-palace-de-madrid\/","url":"https:\/\/ruizlarrea.com\/ruiz-larrea-arquitectura-inicia-la-remodelacion-del-historico-hotel-palace-de-madrid\/","name":"Ruiz-Larrea Arquitectura inicia la remodelaci\u00f3n del hist\u00f3rico Hotel Palace de Madrid - Ruiz Larrea","isPartOf":{"@id":"https:\/\/ruizlarrea.com\/en\/#website"},"datePublished":"2023-06-19T09:58:20+00:00","dateModified":"2023-06-19T10:33:16+00:00","breadcrumb":{"@id":"https:\/\/ruizlarrea.com\/ruiz-larrea-arquitectura-inicia-la-remodelacion-del-historico-hotel-palace-de-madrid\/#breadcrumb"},"inLanguage":"ca","potentialAction":[{"@type":"ReadAction","target":["https:\/\/ruizlarrea.com\/ruiz-larrea-arquitectura-inicia-la-remodelacion-del-historico-hotel-palace-de-madrid\/"]}]},{"@type":"BreadcrumbList","@id":"https:\/\/ruizlarrea.com\/ruiz-larrea-arquitectura-inicia-la-remodelacion-del-historico-hotel-palace-de-madrid\/#breadcrumb","itemListElement":[{"@type":"ListItem","position":1,"name":"Portada","item":"https:\/\/ruizlarrea.com\/"},{"@type":"ListItem","position":2,"name":"Ruiz-Larrea Arquitectura inicia la remodelaci\u00f3n del hist\u00f3rico Hotel Palace de Madrid"}]},{"@type":"WebSite","@id":"https:\/\/ruizlarrea.com\/en\/#website","url":"https:\/\/ruizlarrea.com\/en\/","name":"2gv Arquitectura","description":"Arquitectura","publisher":{"@id":"https:\/\/ruizlarrea.com\/en\/#organization"},"potentialAction":[{"@type":"SearchAction","target":{"@type":"EntryPoint","urlTemplate":"https:\/\/ruizlarrea.com\/en\/?s={search_term_string}"},"query-input":"required name=search_term_string"}],"inLanguage":"ca"},{"@type":"Organization","@id":"https:\/\/ruizlarrea.com\/en\/#organization","name":"2GV","url":"https:\/\/ruizlarrea.com\/en\/","logo":{"@type":"ImageObject","inLanguage":"ca","@id":"https:\/\/ruizlarrea.com\/en\/#\/schema\/logo\/image\/","url":"https:\/\/ruizlarrea.com\/wp-content\/uploads\/2019\/10\/2gv_-logo-color-negro-e1571069923777.png","contentUrl":"https:\/\/ruizlarrea.com\/wp-content\/uploads\/2019\/10\/2gv_-logo-color-negro-e1571069923777.png","width":150,"height":113,"caption":"2GV"},"image":{"@id":"https:\/\/ruizlarrea.com\/en\/#\/schema\/logo\/image\/"},"sameAs":["https:\/\/www.facebook.com\/2gvArquitectura\/","https:\/\/www.instagram.com\/2gv_arq\/","https:\/\/www.linkedin.com\/company\/dosgeuvearquitectura-s.l.p."]},{"@type":"Person","@id":"https:\/\/ruizlarrea.com\/en\/#\/schema\/person\/ca9cc31ed230229a58508c1d370fc4e2","name":"2gvarquitectura","image":{"@type":"ImageObject","inLanguage":"ca","@id":"https:\/\/ruizlarrea.com\/en\/#\/schema\/person\/image\/","url":"https:\/\/secure.gravatar.com\/avatar\/99dd647ed9e1b8b4f8077d1a9de3e451?s=96&d=mm&r=g","contentUrl":"https:\/\/secure.gravatar.com\/avatar\/99dd647ed9e1b8b4f8077d1a9de3e451?s=96&d=mm&r=g","caption":"2gvarquitectura"}}]}},"_links":{"self":[{"href":"https:\/\/ruizlarrea.com\/ca\/wp-json\/wp\/v2\/posts\/9345"}],"collection":[{"href":"https:\/\/ruizlarrea.com\/ca\/wp-json\/wp\/v2\/posts"}],"about":[{"href":"https:\/\/ruizlarrea.com\/ca\/wp-json\/wp\/v2\/types\/post"}],"author":[{"embeddable":true,"href":"https:\/\/ruizlarrea.com\/ca\/wp-json\/wp\/v2\/users\/1"}],"replies":[{"embeddable":true,"href":"https:\/\/ruizlarrea.com\/ca\/wp-json\/wp\/v2\/comments?post=9345"}],"version-history":[{"count":26,"href":"https:\/\/ruizlarrea.com\/ca\/wp-json\/wp\/v2\/posts\/9345\/revisions"}],"predecessor-version":[{"id":9374,"href":"https:\/\/ruizlarrea.com\/ca\/wp-json\/wp\/v2\/posts\/9345\/revisions\/9374"}],"wp:featuredmedia":[{"embeddable":true,"href":"https:\/\/ruizlarrea.com\/ca\/wp-json\/wp\/v2\/media\/9347"}],"wp:attachment":[{"href":"https:\/\/ruizlarrea.com\/ca\/wp-json\/wp\/v2\/media?parent=9345"}],"wp:term":[{"taxonomy":"category","embeddable":true,"href":"https:\/\/ruizlarrea.com\/ca\/wp-json\/wp\/v2\/categories?post=9345"},{"taxonomy":"post_tag","embeddable":true,"href":"https:\/\/ruizlarrea.com\/ca\/wp-json\/wp\/v2\/tags?post=9345"}],"curies":[{"name":"wp","href":"https:\/\/api.w.org\/{rel}","templated":true}]}}