{"id":9154,"date":"2023-04-20T13:21:15","date_gmt":"2023-04-20T11:21:15","guid":{"rendered":"https:\/\/ruizlarrea.com\/?p=9154"},"modified":"2023-04-24T13:11:27","modified_gmt":"2023-04-24T11:11:27","slug":"ruiz-larrea-presenta-la-arquitectura-corresponsable-en-el-festival-de-arquitecturas-de-barcelona-model","status":"publish","type":"post","link":"https:\/\/ruizlarrea.com\/ca\/ruiz-larrea-presenta-la-arquitectura-corresponsable-en-el-festival-de-arquitecturas-de-barcelona-model\/","title":{"rendered":"RL presenta la arquitectura corresponsable en el Festival de Arquitecturas de MODEL"},"content":{"rendered":"<div data-elementor-type=\"wp-post\" data-elementor-id=\"9154\" class=\"elementor elementor-9154\">\n\t\t\t\t\t\t<div class=\"elementor-inner\">\n\t\t\t\t<div class=\"elementor-section-wrap\">\n\t\t\t\t\t\t\t\t\t<section class=\"elementor-section elementor-top-section elementor-element elementor-element-336af0d elementor-section-boxed elementor-section-height-default elementor-section-height-default\" data-id=\"336af0d\" data-element_type=\"section\">\n\t\t\t\t\t\t<div class=\"elementor-container elementor-column-gap-default\">\n\t\t\t\t\t\t\t<div class=\"elementor-row\">\n\t\t\t\t\t<div class=\"elementor-column elementor-col-100 elementor-top-column elementor-element elementor-element-6767b61\" data-id=\"6767b61\" data-element_type=\"column\">\n\t\t\t<div class=\"elementor-column-wrap elementor-element-populated\">\n\t\t\t\t\t\t\t<div class=\"elementor-widget-wrap\">\n\t\t\t\t\t\t<div class=\"elementor-element elementor-element-8c91203 elementor-widget elementor-widget-spacer\" data-id=\"8c91203\" data-element_type=\"widget\" data-widget_type=\"spacer.default\">\n\t\t\t\t<div class=\"elementor-widget-container\">\n\t\t\t\t\t<div class=\"elementor-spacer\">\n\t\t\t<div class=\"elementor-spacer-inner\"><\/div>\n\t\t<\/div>\n\t\t\t\t<\/div>\n\t\t\t\t<\/div>\n\t\t\t\t\t\t<\/div>\n\t\t\t\t\t<\/div>\n\t\t<\/div>\n\t\t\t\t\t\t\t\t<\/div>\n\t\t\t\t\t<\/div>\n\t\t<\/section>\n\t\t\t\t<section class=\"elementor-section elementor-top-section elementor-element elementor-element-7f9f7d7 elementor-section-boxed elementor-section-height-default elementor-section-height-default\" data-id=\"7f9f7d7\" data-element_type=\"section\">\n\t\t\t\t\t\t<div class=\"elementor-container elementor-column-gap-default\">\n\t\t\t\t\t\t\t<div class=\"elementor-row\">\n\t\t\t\t\t<div class=\"elementor-column elementor-col-100 elementor-top-column elementor-element elementor-element-3e9e761\" data-id=\"3e9e761\" data-element_type=\"column\">\n\t\t\t<div class=\"elementor-column-wrap\">\n\t\t\t\t\t\t\t<div class=\"elementor-widget-wrap\">\n\t\t\t\t\t\t\t\t<\/div>\n\t\t\t\t\t<\/div>\n\t\t<\/div>\n\t\t\t\t\t\t\t\t<\/div>\n\t\t\t\t\t<\/div>\n\t\t<\/section>\n\t\t\t\t<section class=\"elementor-section elementor-top-section elementor-element elementor-element-930580c elementor-section-boxed elementor-section-height-default elementor-section-height-default\" data-id=\"930580c\" data-element_type=\"section\">\n\t\t\t\t\t\t<div class=\"elementor-container elementor-column-gap-default\">\n\t\t\t\t\t\t\t<div class=\"elementor-row\">\n\t\t\t\t\t<div class=\"elementor-column elementor-col-100 elementor-top-column elementor-element elementor-element-b0e0bb2\" data-id=\"b0e0bb2\" data-element_type=\"column\">\n\t\t\t<div class=\"elementor-column-wrap elementor-element-populated\">\n\t\t\t\t\t\t\t<div class=\"elementor-widget-wrap\">\n\t\t\t\t\t\t<div class=\"elementor-element elementor-element-5fd3111 elementor-widget elementor-widget-image\" data-id=\"5fd3111\" data-element_type=\"widget\" data-widget_type=\"image.default\">\n\t\t\t\t<div class=\"elementor-widget-container\">\n\t\t\t\t\t\t\t\t<div class=\"elementor-image\">\n\t\t\t\t\t\t\t\t\t\t\t\t<img decoding=\"async\" width=\"1024\" height=\"668\" src=\"https:\/\/ruizlarrea.com\/wp-content\/uploads\/2023\/04\/rgeuh-scaled-e1682334593590-1024x668.jpg\" class=\"attachment-large size-large\" alt=\"\" loading=\"lazy\" srcset=\"https:\/\/ruizlarrea.com\/wp-content\/uploads\/2023\/04\/rgeuh-scaled-e1682334593590-1024x668.jpg 1024w, https:\/\/ruizlarrea.com\/wp-content\/uploads\/2023\/04\/rgeuh-scaled-e1682334593590-300x196.jpg 300w, https:\/\/ruizlarrea.com\/wp-content\/uploads\/2023\/04\/rgeuh-scaled-e1682334593590-768x501.jpg 768w, https:\/\/ruizlarrea.com\/wp-content\/uploads\/2023\/04\/rgeuh-scaled-e1682334593590-1536x1002.jpg 1536w, https:\/\/ruizlarrea.com\/wp-content\/uploads\/2023\/04\/rgeuh-scaled-e1682334593590-2048x1336.jpg 2048w, https:\/\/ruizlarrea.com\/wp-content\/uploads\/2023\/04\/rgeuh-scaled-e1682334593590-18x12.jpg 18w, https:\/\/ruizlarrea.com\/wp-content\/uploads\/2023\/04\/rgeuh-scaled-e1682334593590-440x287.jpg 440w\" sizes=\"(max-width: 1024px) 100vw, 1024px\" \/>\t\t\t\t\t\t\t\t\t\t\t\t\t\t<\/div>\n\t\t\t\t\t\t<\/div>\n\t\t\t\t<\/div>\n\t\t\t\t<div class=\"elementor-element elementor-element-0bcf744 elementor-widget elementor-widget-spacer\" data-id=\"0bcf744\" data-element_type=\"widget\" data-widget_type=\"spacer.default\">\n\t\t\t\t<div class=\"elementor-widget-container\">\n\t\t\t\t\t<div class=\"elementor-spacer\">\n\t\t\t<div class=\"elementor-spacer-inner\"><\/div>\n\t\t<\/div>\n\t\t\t\t<\/div>\n\t\t\t\t<\/div>\n\t\t\t\t\t\t<\/div>\n\t\t\t\t\t<\/div>\n\t\t<\/div>\n\t\t\t\t\t\t\t\t<\/div>\n\t\t\t\t\t<\/div>\n\t\t<\/section>\n\t\t\t\t<section class=\"elementor-section elementor-top-section elementor-element elementor-element-a27095b elementor-section-boxed elementor-section-height-default elementor-section-height-default\" data-id=\"a27095b\" data-element_type=\"section\">\n\t\t\t\t\t\t<div class=\"elementor-container elementor-column-gap-default\">\n\t\t\t\t\t\t\t<div class=\"elementor-row\">\n\t\t\t\t\t<div class=\"elementor-column elementor-col-100 elementor-top-column elementor-element elementor-element-e460632\" data-id=\"e460632\" data-element_type=\"column\">\n\t\t\t<div class=\"elementor-column-wrap elementor-element-populated\">\n\t\t\t\t\t\t\t<div class=\"elementor-widget-wrap\">\n\t\t\t\t\t\t<div class=\"elementor-element elementor-element-7ba19e8 elementor-widget elementor-widget-text-editor\" data-id=\"7ba19e8\" data-element_type=\"widget\" data-widget_type=\"text-editor.default\">\n\t\t\t\t<div class=\"elementor-widget-container\">\n\t\t\t\t\t\t\t\t<div class=\"elementor-text-editor elementor-clearfix\">\n\t\t\t\t<h2>Ruiz-Larrea presenta la arquitectura corresponsable en el festival de Arquitectura de Barcelona MODEL<\/h2>\n<p><strong>La compa\u00f1\u00eda abre la primera instalaci\u00f3n interactiva sobre esta nueva f\u00f3rmula arquitect\u00f3nica, que podr\u00e1 visitarse de lunes a s\u00e1bado entre el 20 y el 30 de abril <\/strong><\/p>\n<p>__<\/p>\n<p><span lang=\"ES\">20\/03\/2023. <\/span><span lang=\"ES\"><a href=\"https:\/\/ruizlarrea.com\/ca\/\" target=\"_blank\" rel=\"noopener\">Ruiz-Larrea Arquitectura<\/a><\/span><span lang=\"ES\"> (RL) mostrar\u00e1 la <\/span><span lang=\"ES\"><a href=\"https:\/\/rlab.com.es\/n-9-Arquitectura-corresponsable\" target=\"_blank\" rel=\"noopener\">arquitectura corresponsable<\/a><\/span><span lang=\"ES\"> con la inauguraci\u00f3n de una instalaci\u00f3n interactiva en el marco del Festival de Arquitecturas de Barcelona MODEL 2023, que tiene lugar del 20 al 30 de abril en la Ciudad Condal. De esta forma, Ruiz-Larrea eleva su apuesta por una arquitectura innovadora y sostenible, que responda a las aut\u00e9nticas necesidades de una sociedad plural, diversa e inclusiva.<\/span><\/p>\n<p><span lang=\"ES\">La instalaci\u00f3n, abierta a todos los p\u00fablicos, podr\u00e1 visitarse sin necesidad de reserva previa de 18.00 h a 21.00 h de lunes a viernes y de 10.00 h a 13.00 h los s\u00e1bados durante la celebraci\u00f3n de MODEL. El equipo de Ruiz-Larrea recibir\u00e1 a los interesados que deseen conocer la instalaci\u00f3n, desarrollada desde el laboratorio de investigaci\u00f3n R_lab y en cuyo montaje han colaborado como proveedores Escofet y Cementos Molins.<\/span><\/p>\n<p><span lang=\"ES\"><strong>\u201cEs un orgullo formar parte de una de las muestras de arquitectura m\u00e1s importantes del pa\u00eds. Y m\u00e1s a\u00fan, con una propuesta de vanguardia, que responde a una sociedad que cambia y que demanda espacios sanos, saludables y plenamente accesibles para todas las personas, independientemente de su condici\u00f3n o sus capacidades\u201d<\/strong>, detall\u00f3 Fernando Gil, socio y director de Operaciones de la compa\u00f1\u00eda.<\/span><\/p>\n<p><strong><span lang=\"ES\">\u201cHemos dado la vuelta al dise\u00f1o de espacios para hacerlos m\u00e1s inclusivos, m\u00e1s seguros y vivibles. \u00bfPor qu\u00e9 dise\u00f1amos para un solo tipo de familia? \u00bfCu\u00e1ndo olvidamos que la seguridad personal es importante a la hora de disfrutar de un espacio? \u00bfTanto cuesta hacer viviendas que evolucionen seg\u00fan la etapa vital de sus habitantes? Esas son las preguntas que vamos a responder con esta instalaci\u00f3n interactiva\u201d<\/span><\/strong><span lang=\"ES\">, destac\u00f3 Gil, coimpulsor de la Semana de la Arquitectura de Barcelona, hoy transformada en MODEL.<\/span><\/p>\n<p><strong><span lang=\"ES\">HABITACIONES DESJERARQUIZADAS Y ACCESIBILIDAD COGNITIVA<\/span><\/strong><\/p>\n<p class=\" translation-block\"><span lang=\"ES\">La <\/span><span lang=\"ES\"><a href=\"https:\/\/rlab.com.es\/n-9-Arquitectura-corresponsable\" target=\"_blank\" rel=\"noopener\">arquitectura corresponsable<\/a><\/span><span lang=\"ES\"> lleva un paso m\u00e1s all\u00e1 concepciones previas como la <strong>perspectiva de g\u00e9nero<\/strong> o la accesibilidad universal. El nuevo m\u00e9todo de dise\u00f1o conjuga estas pautas en una matriz de trabajo que incluye el bioclimatismo, la <strong>accesibilidad cognitiva<\/strong> o la capacidad de reconfiguraci\u00f3n de los espacios en funci\u00f3n de los cambios en el seno familiar o de la <strong>evoluci\u00f3n motora e intelectual<\/strong> de los individuos.<\/span><\/p>\n<p class=\" translation-block\">De esta forma, la arquitectura responde a las nuevas realidades sociales, personales y familiares con soluciones como cocinas abiertas que <strong>impiden el aislamiento<\/strong> de los individuos por sexos o roles; habitaciones del mismo tama\u00f1o que evitan la <strong>jerarquizaci\u00f3n<\/strong> del espacio adultos-ni\u00f1os; o accesos, garajes y trasteros sin rincones y abiertos a la luz natural que favorezcan tanto la seguridad real como la sensaci\u00f3n de <strong>seguridad percibida<\/strong>, entre otras estrategias.<\/p>\n<p><span lang=\"ES\">La arquitectura corresponsable adopta un fuerte compromiso con la <strong>edificaci\u00f3n sostenible<\/strong> y la reducci\u00f3n radical de la demanda energ\u00e9tica. Este compromiso nace del necesario pacto intergeneracional que debe garantizar la salud medioambiental de los nuevos espacios como herramienta para luchar contra los efectos del cambio clim\u00e1tico.<\/span><\/p>\n<p><strong><span lang=\"ES\">RUIZ-LARREA, L\u00cdDERES EN INNOVACI\u00d3N<\/span><\/strong><\/p>\n<p><span lang=\"ES\"><a href=\"https:\/\/ruizlarrea.com\/ca\/\" target=\"_blank\" rel=\"noopener\">Ruiz-Larrea Arquitectura<\/a><\/span><span lang=\"ES\"> es una empresa l\u00edder en innovaci\u00f3n y sostenibilidad arquitect\u00f3nica, internacionalmente reconocida por sus proyectos de obra nueva, rehabilitaci\u00f3n o transformaci\u00f3n de activos. Es pionera en el desarrollo y aplicaci\u00f3n de nuevos sistemas de edificaci\u00f3n sostenible e industrializada, disminuci\u00f3n radical de la demanda energ\u00e9tica y arquitectura saludable y corresponsable.<\/span><\/p>\n<p><span lang=\"ES\">Ruiz-Larrea ha firmado trabajos como las nuevas sedes corporativa y log\u00edstica de la aerol\u00ednea Vueling en Viladecans y en el aeropuerto de El Prat; el nuevo headquarters de la multinacional farmac\u00e9utica Sanofi en Barcelona; la actual sede y centro de producci\u00f3n audiovisual de Movistar+ (Madrid), el Centro Nacional de Energ\u00edas Renovables (Pamplona), la Agencia Andaluza de la Energ\u00eda (Sevilla), la transformaci\u00f3n de la Torre Cibeles del Banco de Espa\u00f1a, el hotel de lujo The Madrid EDITION, la reforma del Hotel Palace de Madrid (en curso). Adem\u00e1s, Ruiz-Larrea ha desarrollado numerosos de proyectos de vivienda de obra nueva, build to rent, vivienda p\u00fablica asequible y coliving sostenibles como las promociones con criterios Passivhaus en Olesa de Montserrat (Barcelona), el proyecto industrializado Manubuild, el residencial Madrid 0&#8217;0 (nZEB, BREEAM), el residencial Adelfas 98 (BREEAM) o Carabanchel 34 (Passivhaus).<\/span><\/p>\n<p style=\"margin: 0cm 0cm 8pt; line-height: 15.6933px; font-size: 11pt; font-family: Calibri, sans-serif;\"><span lang=\"ES\" style=\"font-family: Roboto;\">&nbsp;<\/span><\/p>\n<p><strong>M\u00e1s informaci\u00f3n, entrevistas o im\u00e1genes:<\/strong><\/p>\n<p><span style=\"font-weight: 400;\">\u00c1ngel Calleja, director de Comunicaci\u00f3n y Relaciones Institucionales<\/span><\/p>\n<p><a href=\"mailto:a.calleja@ruizlarrea.com\"><span style=\"font-weight: 400;\">a.calleja@ruizlarrea.com<\/span><\/a><span style=\"font-weight: 400;\"> \/ +34 671 150 201<\/span><\/p>\t\t\t\t\t<\/div>\n\t\t\t\t\t\t<\/div>\n\t\t\t\t<\/div>\n\t\t\t\t\t\t<\/div>\n\t\t\t\t\t<\/div>\n\t\t<\/div>\n\t\t\t\t\t\t\t\t<\/div>\n\t\t\t\t\t<\/div>\n\t\t<\/section>\n\t\t\t\t<section class=\"elementor-section elementor-top-section elementor-element elementor-element-4251d7f elementor-section-boxed elementor-section-height-default elementor-section-height-default\" data-id=\"4251d7f\" data-element_type=\"section\">\n\t\t\t\t\t\t<div class=\"elementor-container elementor-column-gap-default\">\n\t\t\t\t\t\t\t<div class=\"elementor-row\">\n\t\t\t\t\t<div class=\"elementor-column elementor-col-100 elementor-top-column elementor-element elementor-element-0cbcb62\" data-id=\"0cbcb62\" data-element_type=\"column\">\n\t\t\t<div class=\"elementor-column-wrap elementor-element-populated\">\n\t\t\t\t\t\t\t<div class=\"elementor-widget-wrap\">\n\t\t\t\t\t\t<div class=\"elementor-element elementor-element-657a243 elementor-widget elementor-widget-spacer\" data-id=\"657a243\" data-element_type=\"widget\" data-widget_type=\"spacer.default\">\n\t\t\t\t<div class=\"elementor-widget-container\">\n\t\t\t\t\t<div class=\"elementor-spacer\">\n\t\t\t<div class=\"elementor-spacer-inner\"><\/div>\n\t\t<\/div>\n\t\t\t\t<\/div>\n\t\t\t\t<\/div>\n\t\t\t\t<div class=\"elementor-element elementor-element-a0d1292 elementor-align-center elementor-widget elementor-widget-button\" data-id=\"a0d1292\" data-element_type=\"widget\" data-widget_type=\"button.default\">\n\t\t\t\t<div class=\"elementor-widget-container\">\n\t\t\t\t\t<div class=\"elementor-button-wrapper\">\n\t\t\t<a href=\"https:\/\/ruizlarrea.com\/ca\/actualidad\/\" class=\"elementor-button-link elementor-button elementor-size-sm\" role=\"button\">\n\t\t\t\t\t\t<span class=\"elementor-button-content-wrapper\">\n\t\t\t\t\t\t\t<span class=\"elementor-button-icon elementor-align-icon-left\">\n\t\t\t\t<i aria-hidden=\"true\" class=\"fas fa-angle-left\"><\/i>\t\t\t<\/span>\n\t\t\t\t\t\t<span class=\"elementor-button-text\">Comunicaci\u00f3n<\/span>\n\t\t<\/span>\n\t\t\t\t\t<\/a>\n\t\t<\/div>\n\t\t\t\t<\/div>\n\t\t\t\t<\/div>\n\t\t\t\t\t\t<\/div>\n\t\t\t\t\t<\/div>\n\t\t<\/div>\n\t\t\t\t\t\t\t\t<\/div>\n\t\t\t\t\t<\/div>\n\t\t<\/section>\n\t\t\t\t<section class=\"elementor-section elementor-top-section elementor-element elementor-element-2581f95 elementor-section-boxed elementor-section-height-default elementor-section-height-default\" data-id=\"2581f95\" data-element_type=\"section\">\n\t\t\t\t\t\t<div class=\"elementor-container elementor-column-gap-default\">\n\t\t\t\t\t\t\t<div class=\"elementor-row\">\n\t\t\t\t\t<div class=\"elementor-column elementor-col-100 elementor-top-column elementor-element elementor-element-ab4dba0\" data-id=\"ab4dba0\" data-element_type=\"column\">\n\t\t\t<div class=\"elementor-column-wrap\">\n\t\t\t\t\t\t\t<div class=\"elementor-widget-wrap\">\n\t\t\t\t\t\t\t\t<\/div>\n\t\t\t\t\t<\/div>\n\t\t<\/div>\n\t\t\t\t\t\t\t\t<\/div>\n\t\t\t\t\t<\/div>\n\t\t<\/section>\n\t\t\t\t\t\t\t\t\t<\/div>\n\t\t\t<\/div>\n\t\t\t\t\t<\/div>","protected":false},"excerpt":{"rendered":"<p>Ruiz-Larrea presenta la arquitectura corresponsable en el festival de Arquitectura de Barcelona MODEL La compa\u00f1\u00eda abre la primera instalaci\u00f3n interactiva sobre esta nueva f\u00f3rmula arquitect\u00f3nica, que podr\u00e1 visitarse de lunes a s\u00e1bado entre el 20 y el 30 de abril [&hellip;]<\/p>","protected":false},"author":1,"featured_media":9155,"comment_status":"closed","ping_status":"open","sticky":false,"template":"elementor_header_footer","format":"standard","meta":[],"categories":[19],"tags":[32],"yoast_head":"<!-- This site is optimized with the Yoast SEO plugin v20.2 - https:\/\/yoast.com\/wordpress\/plugins\/seo\/ -->\n<title>RL presenta la arquitectura corresponsable en el Festival de Arquitecturas de MODEL - Ruiz Larrea<\/title>\n<meta name=\"robots\" content=\"index, follow, max-snippet:-1, max-image-preview:large, max-video-preview:-1\" \/>\n<link rel=\"canonical\" href=\"https:\/\/ruizlarrea.com\/ca\/ruiz-larrea-presenta-la-arquitectura-corresponsable-en-el-festival-de-arquitecturas-de-barcelona-model\/\" \/>\n<meta property=\"og:locale\" content=\"ca_ES\" \/>\n<meta property=\"og:type\" content=\"article\" \/>\n<meta property=\"og:title\" content=\"RL presenta la arquitectura corresponsable en el Festival de Arquitecturas de MODEL - Ruiz Larrea\" \/>\n<meta property=\"og:description\" content=\"Ruiz-Larrea presenta la arquitectura corresponsable en el festival de Arquitectura de Barcelona MODEL La compa\u00f1\u00eda abre la primera instalaci\u00f3n interactiva sobre esta nueva f\u00f3rmula arquitect\u00f3nica, que podr\u00e1 visitarse de lunes a s\u00e1bado entre el 20 y el 30 de abril [&hellip;]\" \/>\n<meta property=\"og:url\" content=\"https:\/\/ruizlarrea.com\/ca\/ruiz-larrea-presenta-la-arquitectura-corresponsable-en-el-festival-de-arquitecturas-de-barcelona-model\/\" \/>\n<meta property=\"og:site_name\" content=\"Ruiz Larrea\" \/>\n<meta property=\"article:publisher\" content=\"https:\/\/www.facebook.com\/2gvArquitectura\/\" \/>\n<meta property=\"article:published_time\" content=\"2023-04-20T11:21:15+00:00\" \/>\n<meta property=\"article:modified_time\" content=\"2023-04-24T11:11:27+00:00\" \/>\n<meta property=\"og:image\" content=\"https:\/\/ruizlarrea.com\/wp-content\/uploads\/2023\/04\/rgeuh-scaled-e1682334593590.jpg\" \/>\n\t<meta property=\"og:image:width\" content=\"2560\" \/>\n\t<meta property=\"og:image:height\" content=\"1670\" \/>\n\t<meta property=\"og:image:type\" content=\"image\/jpeg\" \/>\n<meta name=\"author\" content=\"2gvarquitectura\" \/>\n<meta name=\"twitter:card\" content=\"summary_large_image\" \/>\n<meta name=\"twitter:label1\" content=\"Escrit per\" \/>\n\t<meta name=\"twitter:data1\" content=\"2gvarquitectura\" \/>\n\t<meta name=\"twitter:label2\" content=\"Temps estimat de lectura\" \/>\n\t<meta name=\"twitter:data2\" content=\"4 minuts\" \/>\n<script type=\"application\/ld+json\" class=\"yoast-schema-graph\">{\"@context\":\"https:\/\/schema.org\",\"@graph\":[{\"@type\":\"Article\",\"@id\":\"https:\/\/ruizlarrea.com\/ruiz-larrea-presenta-la-arquitectura-corresponsable-en-el-festival-de-arquitecturas-de-barcelona-model\/#article\",\"isPartOf\":{\"@id\":\"https:\/\/ruizlarrea.com\/ruiz-larrea-presenta-la-arquitectura-corresponsable-en-el-festival-de-arquitecturas-de-barcelona-model\/\"},\"author\":{\"name\":\"2gvarquitectura\",\"@id\":\"https:\/\/ruizlarrea.com\/en\/#\/schema\/person\/ca9cc31ed230229a58508c1d370fc4e2\"},\"headline\":\"RL presenta la arquitectura corresponsable en el Festival de Arquitecturas de MODEL\",\"datePublished\":\"2023-04-20T11:21:15+00:00\",\"dateModified\":\"2023-04-24T11:11:27+00:00\",\"mainEntityOfPage\":{\"@id\":\"https:\/\/ruizlarrea.com\/ruiz-larrea-presenta-la-arquitectura-corresponsable-en-el-festival-de-arquitecturas-de-barcelona-model\/\"},\"wordCount\":782,\"publisher\":{\"@id\":\"https:\/\/ruizlarrea.com\/en\/#organization\"},\"keywords\":[\"comunicaci\u00f3n\"],\"articleSection\":[\"Oficinas\"],\"inLanguage\":\"ca\"},{\"@type\":\"WebPage\",\"@id\":\"https:\/\/ruizlarrea.com\/ruiz-larrea-presenta-la-arquitectura-corresponsable-en-el-festival-de-arquitecturas-de-barcelona-model\/\",\"url\":\"https:\/\/ruizlarrea.com\/ruiz-larrea-presenta-la-arquitectura-corresponsable-en-el-festival-de-arquitecturas-de-barcelona-model\/\",\"name\":\"RL presenta la arquitectura corresponsable en el Festival de Arquitecturas de MODEL - Ruiz Larrea\",\"isPartOf\":{\"@id\":\"https:\/\/ruizlarrea.com\/en\/#website\"},\"datePublished\":\"2023-04-20T11:21:15+00:00\",\"dateModified\":\"2023-04-24T11:11:27+00:00\",\"breadcrumb\":{\"@id\":\"https:\/\/ruizlarrea.com\/ruiz-larrea-presenta-la-arquitectura-corresponsable-en-el-festival-de-arquitecturas-de-barcelona-model\/#breadcrumb\"},\"inLanguage\":\"ca\",\"potentialAction\":[{\"@type\":\"ReadAction\",\"target\":[\"https:\/\/ruizlarrea.com\/ruiz-larrea-presenta-la-arquitectura-corresponsable-en-el-festival-de-arquitecturas-de-barcelona-model\/\"]}]},{\"@type\":\"BreadcrumbList\",\"@id\":\"https:\/\/ruizlarrea.com\/ruiz-larrea-presenta-la-arquitectura-corresponsable-en-el-festival-de-arquitecturas-de-barcelona-model\/#breadcrumb\",\"itemListElement\":[{\"@type\":\"ListItem\",\"position\":1,\"name\":\"Portada\",\"item\":\"https:\/\/ruizlarrea.com\/\"},{\"@type\":\"ListItem\",\"position\":2,\"name\":\"RL presenta la arquitectura corresponsable en el Festival de Arquitecturas de MODEL\"}]},{\"@type\":\"WebSite\",\"@id\":\"https:\/\/ruizlarrea.com\/en\/#website\",\"url\":\"https:\/\/ruizlarrea.com\/en\/\",\"name\":\"2gv Arquitectura\",\"description\":\"Arquitectura\",\"publisher\":{\"@id\":\"https:\/\/ruizlarrea.com\/en\/#organization\"},\"potentialAction\":[{\"@type\":\"SearchAction\",\"target\":{\"@type\":\"EntryPoint\",\"urlTemplate\":\"https:\/\/ruizlarrea.com\/en\/?s={search_term_string}\"},\"query-input\":\"required name=search_term_string\"}],\"inLanguage\":\"ca\"},{\"@type\":\"Organization\",\"@id\":\"https:\/\/ruizlarrea.com\/en\/#organization\",\"name\":\"2GV\",\"url\":\"https:\/\/ruizlarrea.com\/en\/\",\"logo\":{\"@type\":\"ImageObject\",\"inLanguage\":\"ca\",\"@id\":\"https:\/\/ruizlarrea.com\/en\/#\/schema\/logo\/image\/\",\"url\":\"https:\/\/ruizlarrea.com\/wp-content\/uploads\/2019\/10\/2gv_-logo-color-negro-e1571069923777.png\",\"contentUrl\":\"https:\/\/ruizlarrea.com\/wp-content\/uploads\/2019\/10\/2gv_-logo-color-negro-e1571069923777.png\",\"width\":150,\"height\":113,\"caption\":\"2GV\"},\"image\":{\"@id\":\"https:\/\/ruizlarrea.com\/en\/#\/schema\/logo\/image\/\"},\"sameAs\":[\"https:\/\/www.facebook.com\/2gvArquitectura\/\",\"https:\/\/www.instagram.com\/2gv_arq\/\",\"https:\/\/www.linkedin.com\/company\/dosgeuvearquitectura-s.l.p.\"]},{\"@type\":\"Person\",\"@id\":\"https:\/\/ruizlarrea.com\/en\/#\/schema\/person\/ca9cc31ed230229a58508c1d370fc4e2\",\"name\":\"2gvarquitectura\",\"image\":{\"@type\":\"ImageObject\",\"inLanguage\":\"ca\",\"@id\":\"https:\/\/ruizlarrea.com\/en\/#\/schema\/person\/image\/\",\"url\":\"https:\/\/secure.gravatar.com\/avatar\/99dd647ed9e1b8b4f8077d1a9de3e451?s=96&d=mm&r=g\",\"contentUrl\":\"https:\/\/secure.gravatar.com\/avatar\/99dd647ed9e1b8b4f8077d1a9de3e451?s=96&d=mm&r=g\",\"caption\":\"2gvarquitectura\"}}]}<\/script>\n<!-- \/ Yoast SEO plugin. -->","yoast_head_json":{"title":"RL presenta la arquitectura corresponsable en el Festival de Arquitecturas de MODEL - Ruiz Larrea","robots":{"index":"index","follow":"follow","max-snippet":"max-snippet:-1","max-image-preview":"max-image-preview:large","max-video-preview":"max-video-preview:-1"},"canonical":"https:\/\/ruizlarrea.com\/ca\/ruiz-larrea-presenta-la-arquitectura-corresponsable-en-el-festival-de-arquitecturas-de-barcelona-model\/","og_locale":"ca_ES","og_type":"article","og_title":"RL presenta la arquitectura corresponsable en el Festival de Arquitecturas de MODEL - Ruiz Larrea","og_description":"Ruiz-Larrea presenta la arquitectura corresponsable en el festival de Arquitectura de Barcelona MODEL La compa\u00f1\u00eda abre la primera instalaci\u00f3n interactiva sobre esta nueva f\u00f3rmula arquitect\u00f3nica, que podr\u00e1 visitarse de lunes a s\u00e1bado entre el 20 y el 30 de abril [&hellip;]","og_url":"https:\/\/ruizlarrea.com\/ca\/ruiz-larrea-presenta-la-arquitectura-corresponsable-en-el-festival-de-arquitecturas-de-barcelona-model\/","og_site_name":"Ruiz Larrea","article_publisher":"https:\/\/www.facebook.com\/2gvArquitectura\/","article_published_time":"2023-04-20T11:21:15+00:00","article_modified_time":"2023-04-24T11:11:27+00:00","og_image":[{"width":2560,"height":1670,"url":"https:\/\/ruizlarrea.com\/wp-content\/uploads\/2023\/04\/rgeuh-scaled-e1682334593590.jpg","type":"image\/jpeg"}],"author":"2gvarquitectura","twitter_card":"summary_large_image","twitter_misc":{"Escrit per":"2gvarquitectura","Temps estimat de lectura":"4 minuts"},"schema":{"@context":"https:\/\/schema.org","@graph":[{"@type":"Article","@id":"https:\/\/ruizlarrea.com\/ruiz-larrea-presenta-la-arquitectura-corresponsable-en-el-festival-de-arquitecturas-de-barcelona-model\/#article","isPartOf":{"@id":"https:\/\/ruizlarrea.com\/ruiz-larrea-presenta-la-arquitectura-corresponsable-en-el-festival-de-arquitecturas-de-barcelona-model\/"},"author":{"name":"2gvarquitectura","@id":"https:\/\/ruizlarrea.com\/en\/#\/schema\/person\/ca9cc31ed230229a58508c1d370fc4e2"},"headline":"RL presenta la arquitectura corresponsable en el Festival de Arquitecturas de MODEL","datePublished":"2023-04-20T11:21:15+00:00","dateModified":"2023-04-24T11:11:27+00:00","mainEntityOfPage":{"@id":"https:\/\/ruizlarrea.com\/ruiz-larrea-presenta-la-arquitectura-corresponsable-en-el-festival-de-arquitecturas-de-barcelona-model\/"},"wordCount":782,"publisher":{"@id":"https:\/\/ruizlarrea.com\/en\/#organization"},"keywords":["comunicaci\u00f3n"],"articleSection":["Oficinas"],"inLanguage":"ca"},{"@type":"WebPage","@id":"https:\/\/ruizlarrea.com\/ruiz-larrea-presenta-la-arquitectura-corresponsable-en-el-festival-de-arquitecturas-de-barcelona-model\/","url":"https:\/\/ruizlarrea.com\/ruiz-larrea-presenta-la-arquitectura-corresponsable-en-el-festival-de-arquitecturas-de-barcelona-model\/","name":"RL presenta la arquitectura corresponsable en el Festival de Arquitecturas de MODEL - Ruiz Larrea","isPartOf":{"@id":"https:\/\/ruizlarrea.com\/en\/#website"},"datePublished":"2023-04-20T11:21:15+00:00","dateModified":"2023-04-24T11:11:27+00:00","breadcrumb":{"@id":"https:\/\/ruizlarrea.com\/ruiz-larrea-presenta-la-arquitectura-corresponsable-en-el-festival-de-arquitecturas-de-barcelona-model\/#breadcrumb"},"inLanguage":"ca","potentialAction":[{"@type":"ReadAction","target":["https:\/\/ruizlarrea.com\/ruiz-larrea-presenta-la-arquitectura-corresponsable-en-el-festival-de-arquitecturas-de-barcelona-model\/"]}]},{"@type":"BreadcrumbList","@id":"https:\/\/ruizlarrea.com\/ruiz-larrea-presenta-la-arquitectura-corresponsable-en-el-festival-de-arquitecturas-de-barcelona-model\/#breadcrumb","itemListElement":[{"@type":"ListItem","position":1,"name":"Portada","item":"https:\/\/ruizlarrea.com\/"},{"@type":"ListItem","position":2,"name":"RL presenta la arquitectura corresponsable en el Festival de Arquitecturas de MODEL"}]},{"@type":"WebSite","@id":"https:\/\/ruizlarrea.com\/en\/#website","url":"https:\/\/ruizlarrea.com\/en\/","name":"2gv Arquitectura","description":"Arquitectura","publisher":{"@id":"https:\/\/ruizlarrea.com\/en\/#organization"},"potentialAction":[{"@type":"SearchAction","target":{"@type":"EntryPoint","urlTemplate":"https:\/\/ruizlarrea.com\/en\/?s={search_term_string}"},"query-input":"required name=search_term_string"}],"inLanguage":"ca"},{"@type":"Organization","@id":"https:\/\/ruizlarrea.com\/en\/#organization","name":"2GV","url":"https:\/\/ruizlarrea.com\/en\/","logo":{"@type":"ImageObject","inLanguage":"ca","@id":"https:\/\/ruizlarrea.com\/en\/#\/schema\/logo\/image\/","url":"https:\/\/ruizlarrea.com\/wp-content\/uploads\/2019\/10\/2gv_-logo-color-negro-e1571069923777.png","contentUrl":"https:\/\/ruizlarrea.com\/wp-content\/uploads\/2019\/10\/2gv_-logo-color-negro-e1571069923777.png","width":150,"height":113,"caption":"2GV"},"image":{"@id":"https:\/\/ruizlarrea.com\/en\/#\/schema\/logo\/image\/"},"sameAs":["https:\/\/www.facebook.com\/2gvArquitectura\/","https:\/\/www.instagram.com\/2gv_arq\/","https:\/\/www.linkedin.com\/company\/dosgeuvearquitectura-s.l.p."]},{"@type":"Person","@id":"https:\/\/ruizlarrea.com\/en\/#\/schema\/person\/ca9cc31ed230229a58508c1d370fc4e2","name":"2gvarquitectura","image":{"@type":"ImageObject","inLanguage":"ca","@id":"https:\/\/ruizlarrea.com\/en\/#\/schema\/person\/image\/","url":"https:\/\/secure.gravatar.com\/avatar\/99dd647ed9e1b8b4f8077d1a9de3e451?s=96&d=mm&r=g","contentUrl":"https:\/\/secure.gravatar.com\/avatar\/99dd647ed9e1b8b4f8077d1a9de3e451?s=96&d=mm&r=g","caption":"2gvarquitectura"}}]}},"_links":{"self":[{"href":"https:\/\/ruizlarrea.com\/ca\/wp-json\/wp\/v2\/posts\/9154"}],"collection":[{"href":"https:\/\/ruizlarrea.com\/ca\/wp-json\/wp\/v2\/posts"}],"about":[{"href":"https:\/\/ruizlarrea.com\/ca\/wp-json\/wp\/v2\/types\/post"}],"author":[{"embeddable":true,"href":"https:\/\/ruizlarrea.com\/ca\/wp-json\/wp\/v2\/users\/1"}],"replies":[{"embeddable":true,"href":"https:\/\/ruizlarrea.com\/ca\/wp-json\/wp\/v2\/comments?post=9154"}],"version-history":[{"count":23,"href":"https:\/\/ruizlarrea.com\/ca\/wp-json\/wp\/v2\/posts\/9154\/revisions"}],"predecessor-version":[{"id":9194,"href":"https:\/\/ruizlarrea.com\/ca\/wp-json\/wp\/v2\/posts\/9154\/revisions\/9194"}],"wp:featuredmedia":[{"embeddable":true,"href":"https:\/\/ruizlarrea.com\/ca\/wp-json\/wp\/v2\/media\/9155"}],"wp:attachment":[{"href":"https:\/\/ruizlarrea.com\/ca\/wp-json\/wp\/v2\/media?parent=9154"}],"wp:term":[{"taxonomy":"category","embeddable":true,"href":"https:\/\/ruizlarrea.com\/ca\/wp-json\/wp\/v2\/categories?post=9154"},{"taxonomy":"post_tag","embeddable":true,"href":"https:\/\/ruizlarrea.com\/ca\/wp-json\/wp\/v2\/tags?post=9154"}],"curies":[{"name":"wp","href":"https:\/\/api.w.org\/{rel}","templated":true}]}}