{"id":8903,"date":"2023-02-28T11:33:44","date_gmt":"2023-02-28T10:33:44","guid":{"rendered":"https:\/\/ruizlarrea.com\/?p=8903"},"modified":"2023-04-24T12:34:38","modified_gmt":"2023-04-24T10:34:38","slug":"el-alcalde-de-madrid-visita-canaveral-01-viviendas-para-jovenes-disenadas-por-ruiz-larrea","status":"publish","type":"post","link":"https:\/\/ruizlarrea.com\/ca\/el-alcalde-de-madrid-visita-canaveral-01-viviendas-para-jovenes-disenadas-por-ruiz-larrea\/","title":{"rendered":"El alcalde de Madrid visita Ca\u00f1averal 01, viviendas para j\u00f3venes dise\u00f1adas por RL"},"content":{"rendered":"<div data-elementor-type=\"wp-post\" data-elementor-id=\"8903\" class=\"elementor elementor-8903\">\n\t\t\t\t\t\t<div class=\"elementor-inner\">\n\t\t\t\t<div class=\"elementor-section-wrap\">\n\t\t\t\t\t\t\t\t\t<section class=\"elementor-section elementor-top-section elementor-element elementor-element-7f9f7d7 elementor-section-boxed elementor-section-height-default elementor-section-height-default\" data-id=\"7f9f7d7\" data-element_type=\"section\">\n\t\t\t\t\t\t<div class=\"elementor-container elementor-column-gap-default\">\n\t\t\t\t\t\t\t<div class=\"elementor-row\">\n\t\t\t\t\t<div class=\"elementor-column elementor-col-100 elementor-top-column elementor-element elementor-element-3e9e761\" data-id=\"3e9e761\" data-element_type=\"column\">\n\t\t\t<div class=\"elementor-column-wrap\">\n\t\t\t\t\t\t\t<div class=\"elementor-widget-wrap\">\n\t\t\t\t\t\t\t\t<\/div>\n\t\t\t\t\t<\/div>\n\t\t<\/div>\n\t\t\t\t\t\t\t\t<\/div>\n\t\t\t\t\t<\/div>\n\t\t<\/section>\n\t\t\t\t<section class=\"elementor-section elementor-top-section elementor-element elementor-element-930580c elementor-section-boxed elementor-section-height-default elementor-section-height-default\" data-id=\"930580c\" data-element_type=\"section\">\n\t\t\t\t\t\t<div class=\"elementor-container elementor-column-gap-default\">\n\t\t\t\t\t\t\t<div class=\"elementor-row\">\n\t\t\t\t\t<div class=\"elementor-column elementor-col-100 elementor-top-column elementor-element elementor-element-b0e0bb2\" data-id=\"b0e0bb2\" data-element_type=\"column\">\n\t\t\t<div class=\"elementor-column-wrap elementor-element-populated\">\n\t\t\t\t\t\t\t<div class=\"elementor-widget-wrap\">\n\t\t\t\t\t\t<div class=\"elementor-element elementor-element-5fd3111 elementor-widget elementor-widget-image\" data-id=\"5fd3111\" data-element_type=\"widget\" data-widget_type=\"image.default\">\n\t\t\t\t<div class=\"elementor-widget-container\">\n\t\t\t\t\t\t\t\t<div class=\"elementor-image\">\n\t\t\t\t\t\t\t\t\t\t\t\t<img decoding=\"async\" width=\"969\" height=\"659\" src=\"https:\/\/ruizlarrea.com\/wp-content\/uploads\/2023\/02\/Canaveral-editada-grupo.jpg\" class=\"attachment-large size-large\" alt=\"\" loading=\"lazy\" srcset=\"https:\/\/ruizlarrea.com\/wp-content\/uploads\/2023\/02\/Canaveral-editada-grupo.jpg 969w, https:\/\/ruizlarrea.com\/wp-content\/uploads\/2023\/02\/Canaveral-editada-grupo-300x204.jpg 300w, https:\/\/ruizlarrea.com\/wp-content\/uploads\/2023\/02\/Canaveral-editada-grupo-768x522.jpg 768w, https:\/\/ruizlarrea.com\/wp-content\/uploads\/2023\/02\/Canaveral-editada-grupo-18x12.jpg 18w, https:\/\/ruizlarrea.com\/wp-content\/uploads\/2023\/02\/Canaveral-editada-grupo-440x299.jpg 440w\" sizes=\"(max-width: 969px) 100vw, 969px\" \/>\t\t\t\t\t\t\t\t\t\t\t\t\t\t<\/div>\n\t\t\t\t\t\t<\/div>\n\t\t\t\t<\/div>\n\t\t\t\t<div class=\"elementor-element elementor-element-0bcf744 elementor-widget elementor-widget-spacer\" data-id=\"0bcf744\" data-element_type=\"widget\" data-widget_type=\"spacer.default\">\n\t\t\t\t<div class=\"elementor-widget-container\">\n\t\t\t\t\t<div class=\"elementor-spacer\">\n\t\t\t<div class=\"elementor-spacer-inner\"><\/div>\n\t\t<\/div>\n\t\t\t\t<\/div>\n\t\t\t\t<\/div>\n\t\t\t\t\t\t<\/div>\n\t\t\t\t\t<\/div>\n\t\t<\/div>\n\t\t\t\t\t\t\t\t<\/div>\n\t\t\t\t\t<\/div>\n\t\t<\/section>\n\t\t\t\t<section class=\"elementor-section elementor-top-section elementor-element elementor-element-a27095b elementor-section-boxed elementor-section-height-default elementor-section-height-default\" data-id=\"a27095b\" data-element_type=\"section\">\n\t\t\t\t\t\t<div class=\"elementor-container elementor-column-gap-default\">\n\t\t\t\t\t\t\t<div class=\"elementor-row\">\n\t\t\t\t\t<div class=\"elementor-column elementor-col-100 elementor-top-column elementor-element elementor-element-e460632\" data-id=\"e460632\" data-element_type=\"column\">\n\t\t\t<div class=\"elementor-column-wrap elementor-element-populated\">\n\t\t\t\t\t\t\t<div class=\"elementor-widget-wrap\">\n\t\t\t\t\t\t<div class=\"elementor-element elementor-element-7ba19e8 elementor-widget elementor-widget-text-editor\" data-id=\"7ba19e8\" data-element_type=\"widget\" data-widget_type=\"text-editor.default\">\n\t\t\t\t<div class=\"elementor-widget-container\">\n\t\t\t\t\t\t\t\t<div class=\"elementor-text-editor elementor-clearfix\">\n\t\t\t\t<h2>El alcalde de Madrid visita Ca\u00f1averal 01, viviendas para j\u00f3venes dise\u00f1adas por Ruiz-Larrea<\/h2><p><strong>Son 82 viviendas con plaza de garaje<\/strong><strong> ejecutadas bajo los principios Passivhaus de m\u00e1xima eficiencia y sostenibilidad<\/strong><\/p><p><strong>Madrid, 16\/02\/2023.-<\/strong> C\u00e9sar Ruiz-Larrea, presidente de <a href=\"https:\/\/ruizlarrea.com\/ca\/\">Ruiz-Larrea Arquitectura<\/a>, y Felipe Vieites, CEO de la compa\u00f1\u00eda, acompa\u00f1aron ayer a Jos\u00e9 Luis Mart\u00ednez-Almeida, alcalde de Madrid, durante su visita a Ca\u00f1averal 01, el residencial de vivienda joven dise\u00f1ado por la compa\u00f1\u00eda para el Ayuntamiento de Madrid dentro del plan de vivienda asequible de la Empresa Municipal de la Vivienda (EMVS).<\/p><p>\u201c<strong>El Ca\u00f1averal es uno de los barrios con m\u00e1s proyecci\u00f3n de futuro. Hay muchos j\u00f3venes y familias que, teniendo trabajo y capacidad econ\u00f3mica, no tienen la posibilidad de acceder a una vivienda acorde a sus necesidades. Por eso vamos a seguir trabajando en viviendas como estas, que proporcionen soluciones eficaces y eficientes<\/strong>\u201d, declar\u00f3 el primer edil de la capital.<\/p><p>\u201c<strong>Ca\u00f1averal 01 tiene 82 viviendas de hasta 3 dormitorios, pero se trata de una promoci\u00f3n con m\u00faltiples configuraciones. Nuestra amplia experiencia trabajando con la EMVS nos permite dise\u00f1ar un edificio centrado en el confort, que aprovecha cada metro cuadrado para el uso y disfrute de las familias<\/strong>\u201d, detall\u00f3 Felipe Vietes a los medios de comunicaci\u00f3n que acudieron a la visita.<\/p><p><strong>VIVIENDAS SOSTENIBLES<\/strong><\/p><p>Durante su visita, el alcalde recorri\u00f3 las futuras viviendas, interes\u00e1ndose por sus dimensiones y por su rendimiento energ\u00e9tico, reducido gracias a medidas como la orientaci\u00f3n solar, el aprovechamiento de las energ\u00edas renovables y m\u00e1ximas cotas de aislamiento y hermeticidad, que permitir\u00e1n a las familias un notable ahorro respecto a las viviendas tradicionales.<\/p><p>El avanzado estado de los trabajos de Ca\u00f1averal 01 permitir\u00e1 que las viviendas se entreguen antes de que acabe el a\u00f1o 2023.<\/p><p>Con esta nueva promoci\u00f3n, Ruiz-Larrea se mantiene como uno de los estudios que m\u00e1s vivienda asequible y de protecci\u00f3n p\u00fablica ha desarrollado en la Comunidad de Madrid, con promociones finalizadas en la capital (Ventilla, Valdebernardo, Carabanchel, El Ca\u00f1averal, etc.) y en municipios como M\u00f3stoles, Las Rozas, Tres Cantos, Alcal\u00e1 de Henares, Parla o Legan\u00e9s, entre otros.<\/p><p><strong>RUIZ-LARREA, L\u00cdDERES EN INNOVACI\u00d3N<\/strong><\/p><p>Ruiz-Larrea Arquitectura es una empresa l\u00edder en innovaci\u00f3n y sostenibilidad en proyectos de obra nueva, rehabilitaci\u00f3n o transformaci\u00f3n de activos internacionalmente reconocida. Es pionera en el desarrollo y aplicaci\u00f3n de nuevos sistemas de edificaci\u00f3n sostenible e industrializada, disminuci\u00f3n radical de la demanda energ\u00e9tica y arquitectura corresponsable.<\/p><p>Ruiz-Larrea ha firmado trabajos como la actual sede de Movistar+, el Centro Nacional de Energ\u00edas Renovables, la Agencia Andaluza de la Energ\u00eda, la Torre Cibeles del Banco de Espa\u00f1a, el hotel de lujo The Madrid EDITION, la reforma del Hotel Palace de Madrid (en curso), las sedes corporativa y log\u00edstica de Vueling o el nuevo headquarters de la farmac\u00e9utica Sanofi en Barcelona. Adem\u00e1s, Ruiz-Larrea ha desarrollado numerosos de proyectos de vivienda de obra nueva, <em>build to rent<\/em> y vivienda asequible, como el proyecto industrializado Manubuild, el residencial Madrid 0&#8217;0 (nZEB, BREEAM), el residencial Adelfas 98 (BREEAM) o Carabanchel 34 (Passivhaus).<\/p><p><strong>M\u00e1s informaci\u00f3n, entrevistas o im\u00e1genes:<\/strong><\/p><p><span style=\"font-weight: 400;\">\u00c1ngel Calleja, director de Comunicaci\u00f3n y Relaciones Institucionales<\/span><\/p><p><a href=\"mailto:a.calleja@ruizlarrea.com\"><span style=\"font-weight: 400;\">a.calleja@ruizlarrea.com<\/span><\/a><span style=\"font-weight: 400;\"> \/ +34 671 150 201<\/span><\/p>\t\t\t\t\t<\/div>\n\t\t\t\t\t\t<\/div>\n\t\t\t\t<\/div>\n\t\t\t\t\t\t<\/div>\n\t\t\t\t\t<\/div>\n\t\t<\/div>\n\t\t\t\t\t\t\t\t<\/div>\n\t\t\t\t\t<\/div>\n\t\t<\/section>\n\t\t\t\t<section class=\"elementor-section elementor-top-section elementor-element elementor-element-4251d7f elementor-section-boxed elementor-section-height-default elementor-section-height-default\" data-id=\"4251d7f\" data-element_type=\"section\">\n\t\t\t\t\t\t<div class=\"elementor-container elementor-column-gap-default\">\n\t\t\t\t\t\t\t<div class=\"elementor-row\">\n\t\t\t\t\t<div class=\"elementor-column elementor-col-100 elementor-top-column elementor-element elementor-element-0cbcb62\" data-id=\"0cbcb62\" data-element_type=\"column\">\n\t\t\t<div class=\"elementor-column-wrap elementor-element-populated\">\n\t\t\t\t\t\t\t<div class=\"elementor-widget-wrap\">\n\t\t\t\t\t\t<div class=\"elementor-element elementor-element-657a243 elementor-widget elementor-widget-spacer\" data-id=\"657a243\" data-element_type=\"widget\" data-widget_type=\"spacer.default\">\n\t\t\t\t<div class=\"elementor-widget-container\">\n\t\t\t\t\t<div class=\"elementor-spacer\">\n\t\t\t<div class=\"elementor-spacer-inner\"><\/div>\n\t\t<\/div>\n\t\t\t\t<\/div>\n\t\t\t\t<\/div>\n\t\t\t\t<div class=\"elementor-element elementor-element-a0d1292 elementor-align-center elementor-widget elementor-widget-button\" data-id=\"a0d1292\" data-element_type=\"widget\" data-widget_type=\"button.default\">\n\t\t\t\t<div class=\"elementor-widget-container\">\n\t\t\t\t\t<div class=\"elementor-button-wrapper\">\n\t\t\t<a href=\"https:\/\/ruizlarrea.com\/ca\/actualidad\/\" class=\"elementor-button-link elementor-button elementor-size-sm\" role=\"button\">\n\t\t\t\t\t\t<span class=\"elementor-button-content-wrapper\">\n\t\t\t\t\t\t\t<span class=\"elementor-button-icon elementor-align-icon-left\">\n\t\t\t\t<i aria-hidden=\"true\" class=\"fas fa-angle-left\"><\/i>\t\t\t<\/span>\n\t\t\t\t\t\t<span class=\"elementor-button-text\">Comunicaci\u00f3n<\/span>\n\t\t<\/span>\n\t\t\t\t\t<\/a>\n\t\t<\/div>\n\t\t\t\t<\/div>\n\t\t\t\t<\/div>\n\t\t\t\t\t\t<\/div>\n\t\t\t\t\t<\/div>\n\t\t<\/div>\n\t\t\t\t\t\t\t\t<\/div>\n\t\t\t\t\t<\/div>\n\t\t<\/section>\n\t\t\t\t<section class=\"elementor-section elementor-top-section elementor-element elementor-element-2581f95 elementor-section-boxed elementor-section-height-default elementor-section-height-default\" data-id=\"2581f95\" data-element_type=\"section\">\n\t\t\t\t\t\t<div class=\"elementor-container elementor-column-gap-default\">\n\t\t\t\t\t\t\t<div class=\"elementor-row\">\n\t\t\t\t\t<div class=\"elementor-column elementor-col-100 elementor-top-column elementor-element elementor-element-ab4dba0\" data-id=\"ab4dba0\" data-element_type=\"column\">\n\t\t\t<div class=\"elementor-column-wrap\">\n\t\t\t\t\t\t\t<div class=\"elementor-widget-wrap\">\n\t\t\t\t\t\t\t\t<\/div>\n\t\t\t\t\t<\/div>\n\t\t<\/div>\n\t\t\t\t\t\t\t\t<\/div>\n\t\t\t\t\t<\/div>\n\t\t<\/section>\n\t\t\t\t\t\t\t\t\t<\/div>\n\t\t\t<\/div>\n\t\t\t\t\t<\/div>","protected":false},"excerpt":{"rendered":"<p>El alcalde de Madrid visita Ca\u00f1averal 01, viviendas para j\u00f3venes dise\u00f1adas por Ruiz-Larrea Son 82 viviendas con plaza de garaje ejecutadas bajo los principios Passivhaus de m\u00e1xima eficiencia y sostenibilidad Madrid, 16\/02\/2023.- C\u00e9sar Ruiz-Larrea, presidente de Ruiz-Larrea Arquitectura, y Felipe [&hellip;]<\/p>","protected":false},"author":1,"featured_media":8905,"comment_status":"closed","ping_status":"open","sticky":false,"template":"elementor_header_footer","format":"standard","meta":[],"categories":[19],"tags":[32],"yoast_head":"<!-- This site is optimized with the Yoast SEO plugin v20.2 - https:\/\/yoast.com\/wordpress\/plugins\/seo\/ -->\n<title>El alcalde de Madrid visita Ca\u00f1averal 01, viviendas para j\u00f3venes dise\u00f1adas por RL - Ruiz Larrea<\/title>\n<meta name=\"robots\" content=\"index, follow, max-snippet:-1, max-image-preview:large, max-video-preview:-1\" \/>\n<link rel=\"canonical\" href=\"https:\/\/ruizlarrea.com\/ca\/el-alcalde-de-madrid-visita-canaveral-01-viviendas-para-jovenes-disenadas-por-ruiz-larrea\/\" \/>\n<meta property=\"og:locale\" content=\"ca_ES\" \/>\n<meta property=\"og:type\" content=\"article\" \/>\n<meta property=\"og:title\" content=\"El alcalde de Madrid visita Ca\u00f1averal 01, viviendas para j\u00f3venes dise\u00f1adas por RL - Ruiz Larrea\" \/>\n<meta property=\"og:description\" content=\"El alcalde de Madrid visita Ca\u00f1averal 01, viviendas para j\u00f3venes dise\u00f1adas por Ruiz-Larrea Son 82 viviendas con plaza de garaje ejecutadas bajo los principios Passivhaus de m\u00e1xima eficiencia y sostenibilidad Madrid, 16\/02\/2023.- C\u00e9sar Ruiz-Larrea, presidente de Ruiz-Larrea Arquitectura, y Felipe [&hellip;]\" \/>\n<meta property=\"og:url\" content=\"https:\/\/ruizlarrea.com\/ca\/el-alcalde-de-madrid-visita-canaveral-01-viviendas-para-jovenes-disenadas-por-ruiz-larrea\/\" \/>\n<meta property=\"og:site_name\" content=\"Ruiz Larrea\" \/>\n<meta property=\"article:publisher\" content=\"https:\/\/www.facebook.com\/2gvArquitectura\/\" \/>\n<meta property=\"article:published_time\" content=\"2023-02-28T10:33:44+00:00\" \/>\n<meta property=\"article:modified_time\" content=\"2023-04-24T10:34:38+00:00\" \/>\n<meta property=\"og:image\" content=\"https:\/\/ruizlarrea.com\/wp-content\/uploads\/2023\/02\/Canaveral-editada-grupo.jpg\" \/>\n\t<meta property=\"og:image:width\" content=\"969\" \/>\n\t<meta property=\"og:image:height\" content=\"659\" \/>\n\t<meta property=\"og:image:type\" content=\"image\/jpeg\" \/>\n<meta name=\"author\" content=\"2gvarquitectura\" \/>\n<meta name=\"twitter:card\" content=\"summary_large_image\" \/>\n<meta name=\"twitter:label1\" content=\"Escrit per\" \/>\n\t<meta name=\"twitter:data1\" content=\"2gvarquitectura\" \/>\n\t<meta name=\"twitter:label2\" content=\"Temps estimat de lectura\" \/>\n\t<meta name=\"twitter:data2\" content=\"3 minuts\" \/>\n<script type=\"application\/ld+json\" class=\"yoast-schema-graph\">{\"@context\":\"https:\/\/schema.org\",\"@graph\":[{\"@type\":\"Article\",\"@id\":\"https:\/\/ruizlarrea.com\/el-alcalde-de-madrid-visita-canaveral-01-viviendas-para-jovenes-disenadas-por-ruiz-larrea\/#article\",\"isPartOf\":{\"@id\":\"https:\/\/ruizlarrea.com\/el-alcalde-de-madrid-visita-canaveral-01-viviendas-para-jovenes-disenadas-por-ruiz-larrea\/\"},\"author\":{\"name\":\"2gvarquitectura\",\"@id\":\"https:\/\/ruizlarrea.com\/en\/#\/schema\/person\/ca9cc31ed230229a58508c1d370fc4e2\"},\"headline\":\"El alcalde de Madrid visita Ca\u00f1averal 01, viviendas para j\u00f3venes dise\u00f1adas por RL\",\"datePublished\":\"2023-02-28T10:33:44+00:00\",\"dateModified\":\"2023-04-24T10:34:38+00:00\",\"mainEntityOfPage\":{\"@id\":\"https:\/\/ruizlarrea.com\/el-alcalde-de-madrid-visita-canaveral-01-viviendas-para-jovenes-disenadas-por-ruiz-larrea\/\"},\"wordCount\":569,\"publisher\":{\"@id\":\"https:\/\/ruizlarrea.com\/en\/#organization\"},\"keywords\":[\"comunicaci\u00f3n\"],\"articleSection\":[\"Oficinas\"],\"inLanguage\":\"ca\"},{\"@type\":\"WebPage\",\"@id\":\"https:\/\/ruizlarrea.com\/el-alcalde-de-madrid-visita-canaveral-01-viviendas-para-jovenes-disenadas-por-ruiz-larrea\/\",\"url\":\"https:\/\/ruizlarrea.com\/el-alcalde-de-madrid-visita-canaveral-01-viviendas-para-jovenes-disenadas-por-ruiz-larrea\/\",\"name\":\"El alcalde de Madrid visita Ca\u00f1averal 01, viviendas para j\u00f3venes dise\u00f1adas por RL - Ruiz Larrea\",\"isPartOf\":{\"@id\":\"https:\/\/ruizlarrea.com\/en\/#website\"},\"datePublished\":\"2023-02-28T10:33:44+00:00\",\"dateModified\":\"2023-04-24T10:34:38+00:00\",\"breadcrumb\":{\"@id\":\"https:\/\/ruizlarrea.com\/el-alcalde-de-madrid-visita-canaveral-01-viviendas-para-jovenes-disenadas-por-ruiz-larrea\/#breadcrumb\"},\"inLanguage\":\"ca\",\"potentialAction\":[{\"@type\":\"ReadAction\",\"target\":[\"https:\/\/ruizlarrea.com\/el-alcalde-de-madrid-visita-canaveral-01-viviendas-para-jovenes-disenadas-por-ruiz-larrea\/\"]}]},{\"@type\":\"BreadcrumbList\",\"@id\":\"https:\/\/ruizlarrea.com\/el-alcalde-de-madrid-visita-canaveral-01-viviendas-para-jovenes-disenadas-por-ruiz-larrea\/#breadcrumb\",\"itemListElement\":[{\"@type\":\"ListItem\",\"position\":1,\"name\":\"Portada\",\"item\":\"https:\/\/ruizlarrea.com\/\"},{\"@type\":\"ListItem\",\"position\":2,\"name\":\"El alcalde de Madrid visita Ca\u00f1averal 01, viviendas para j\u00f3venes dise\u00f1adas por Ruiz-Larrea\"}]},{\"@type\":\"WebSite\",\"@id\":\"https:\/\/ruizlarrea.com\/en\/#website\",\"url\":\"https:\/\/ruizlarrea.com\/en\/\",\"name\":\"2gv Arquitectura\",\"description\":\"Arquitectura\",\"publisher\":{\"@id\":\"https:\/\/ruizlarrea.com\/en\/#organization\"},\"potentialAction\":[{\"@type\":\"SearchAction\",\"target\":{\"@type\":\"EntryPoint\",\"urlTemplate\":\"https:\/\/ruizlarrea.com\/en\/?s={search_term_string}\"},\"query-input\":\"required name=search_term_string\"}],\"inLanguage\":\"ca\"},{\"@type\":\"Organization\",\"@id\":\"https:\/\/ruizlarrea.com\/en\/#organization\",\"name\":\"2GV\",\"url\":\"https:\/\/ruizlarrea.com\/en\/\",\"logo\":{\"@type\":\"ImageObject\",\"inLanguage\":\"ca\",\"@id\":\"https:\/\/ruizlarrea.com\/en\/#\/schema\/logo\/image\/\",\"url\":\"https:\/\/ruizlarrea.com\/wp-content\/uploads\/2019\/10\/2gv_-logo-color-negro-e1571069923777.png\",\"contentUrl\":\"https:\/\/ruizlarrea.com\/wp-content\/uploads\/2019\/10\/2gv_-logo-color-negro-e1571069923777.png\",\"width\":150,\"height\":113,\"caption\":\"2GV\"},\"image\":{\"@id\":\"https:\/\/ruizlarrea.com\/en\/#\/schema\/logo\/image\/\"},\"sameAs\":[\"https:\/\/www.facebook.com\/2gvArquitectura\/\",\"https:\/\/www.instagram.com\/2gv_arq\/\",\"https:\/\/www.linkedin.com\/company\/dosgeuvearquitectura-s.l.p.\"]},{\"@type\":\"Person\",\"@id\":\"https:\/\/ruizlarrea.com\/en\/#\/schema\/person\/ca9cc31ed230229a58508c1d370fc4e2\",\"name\":\"2gvarquitectura\",\"image\":{\"@type\":\"ImageObject\",\"inLanguage\":\"ca\",\"@id\":\"https:\/\/ruizlarrea.com\/en\/#\/schema\/person\/image\/\",\"url\":\"https:\/\/secure.gravatar.com\/avatar\/99dd647ed9e1b8b4f8077d1a9de3e451?s=96&d=mm&r=g\",\"contentUrl\":\"https:\/\/secure.gravatar.com\/avatar\/99dd647ed9e1b8b4f8077d1a9de3e451?s=96&d=mm&r=g\",\"caption\":\"2gvarquitectura\"}}]}<\/script>\n<!-- \/ Yoast SEO plugin. -->","yoast_head_json":{"title":"El alcalde de Madrid visita Ca\u00f1averal 01, viviendas para j\u00f3venes dise\u00f1adas por RL - Ruiz Larrea","robots":{"index":"index","follow":"follow","max-snippet":"max-snippet:-1","max-image-preview":"max-image-preview:large","max-video-preview":"max-video-preview:-1"},"canonical":"https:\/\/ruizlarrea.com\/ca\/el-alcalde-de-madrid-visita-canaveral-01-viviendas-para-jovenes-disenadas-por-ruiz-larrea\/","og_locale":"ca_ES","og_type":"article","og_title":"El alcalde de Madrid visita Ca\u00f1averal 01, viviendas para j\u00f3venes dise\u00f1adas por RL - Ruiz Larrea","og_description":"El alcalde de Madrid visita Ca\u00f1averal 01, viviendas para j\u00f3venes dise\u00f1adas por Ruiz-Larrea Son 82 viviendas con plaza de garaje ejecutadas bajo los principios Passivhaus de m\u00e1xima eficiencia y sostenibilidad Madrid, 16\/02\/2023.- C\u00e9sar Ruiz-Larrea, presidente de Ruiz-Larrea Arquitectura, y Felipe [&hellip;]","og_url":"https:\/\/ruizlarrea.com\/ca\/el-alcalde-de-madrid-visita-canaveral-01-viviendas-para-jovenes-disenadas-por-ruiz-larrea\/","og_site_name":"Ruiz Larrea","article_publisher":"https:\/\/www.facebook.com\/2gvArquitectura\/","article_published_time":"2023-02-28T10:33:44+00:00","article_modified_time":"2023-04-24T10:34:38+00:00","og_image":[{"width":969,"height":659,"url":"https:\/\/ruizlarrea.com\/wp-content\/uploads\/2023\/02\/Canaveral-editada-grupo.jpg","type":"image\/jpeg"}],"author":"2gvarquitectura","twitter_card":"summary_large_image","twitter_misc":{"Escrit per":"2gvarquitectura","Temps estimat de lectura":"3 minuts"},"schema":{"@context":"https:\/\/schema.org","@graph":[{"@type":"Article","@id":"https:\/\/ruizlarrea.com\/el-alcalde-de-madrid-visita-canaveral-01-viviendas-para-jovenes-disenadas-por-ruiz-larrea\/#article","isPartOf":{"@id":"https:\/\/ruizlarrea.com\/el-alcalde-de-madrid-visita-canaveral-01-viviendas-para-jovenes-disenadas-por-ruiz-larrea\/"},"author":{"name":"2gvarquitectura","@id":"https:\/\/ruizlarrea.com\/en\/#\/schema\/person\/ca9cc31ed230229a58508c1d370fc4e2"},"headline":"El alcalde de Madrid visita Ca\u00f1averal 01, viviendas para j\u00f3venes dise\u00f1adas por RL","datePublished":"2023-02-28T10:33:44+00:00","dateModified":"2023-04-24T10:34:38+00:00","mainEntityOfPage":{"@id":"https:\/\/ruizlarrea.com\/el-alcalde-de-madrid-visita-canaveral-01-viviendas-para-jovenes-disenadas-por-ruiz-larrea\/"},"wordCount":569,"publisher":{"@id":"https:\/\/ruizlarrea.com\/en\/#organization"},"keywords":["comunicaci\u00f3n"],"articleSection":["Oficinas"],"inLanguage":"ca"},{"@type":"WebPage","@id":"https:\/\/ruizlarrea.com\/el-alcalde-de-madrid-visita-canaveral-01-viviendas-para-jovenes-disenadas-por-ruiz-larrea\/","url":"https:\/\/ruizlarrea.com\/el-alcalde-de-madrid-visita-canaveral-01-viviendas-para-jovenes-disenadas-por-ruiz-larrea\/","name":"El alcalde de Madrid visita Ca\u00f1averal 01, viviendas para j\u00f3venes dise\u00f1adas por RL - Ruiz Larrea","isPartOf":{"@id":"https:\/\/ruizlarrea.com\/en\/#website"},"datePublished":"2023-02-28T10:33:44+00:00","dateModified":"2023-04-24T10:34:38+00:00","breadcrumb":{"@id":"https:\/\/ruizlarrea.com\/el-alcalde-de-madrid-visita-canaveral-01-viviendas-para-jovenes-disenadas-por-ruiz-larrea\/#breadcrumb"},"inLanguage":"ca","potentialAction":[{"@type":"ReadAction","target":["https:\/\/ruizlarrea.com\/el-alcalde-de-madrid-visita-canaveral-01-viviendas-para-jovenes-disenadas-por-ruiz-larrea\/"]}]},{"@type":"BreadcrumbList","@id":"https:\/\/ruizlarrea.com\/el-alcalde-de-madrid-visita-canaveral-01-viviendas-para-jovenes-disenadas-por-ruiz-larrea\/#breadcrumb","itemListElement":[{"@type":"ListItem","position":1,"name":"Portada","item":"https:\/\/ruizlarrea.com\/"},{"@type":"ListItem","position":2,"name":"El alcalde de Madrid visita Ca\u00f1averal 01, viviendas para j\u00f3venes dise\u00f1adas por Ruiz-Larrea"}]},{"@type":"WebSite","@id":"https:\/\/ruizlarrea.com\/en\/#website","url":"https:\/\/ruizlarrea.com\/en\/","name":"2gv Arquitectura","description":"Arquitectura","publisher":{"@id":"https:\/\/ruizlarrea.com\/en\/#organization"},"potentialAction":[{"@type":"SearchAction","target":{"@type":"EntryPoint","urlTemplate":"https:\/\/ruizlarrea.com\/en\/?s={search_term_string}"},"query-input":"required name=search_term_string"}],"inLanguage":"ca"},{"@type":"Organization","@id":"https:\/\/ruizlarrea.com\/en\/#organization","name":"2GV","url":"https:\/\/ruizlarrea.com\/en\/","logo":{"@type":"ImageObject","inLanguage":"ca","@id":"https:\/\/ruizlarrea.com\/en\/#\/schema\/logo\/image\/","url":"https:\/\/ruizlarrea.com\/wp-content\/uploads\/2019\/10\/2gv_-logo-color-negro-e1571069923777.png","contentUrl":"https:\/\/ruizlarrea.com\/wp-content\/uploads\/2019\/10\/2gv_-logo-color-negro-e1571069923777.png","width":150,"height":113,"caption":"2GV"},"image":{"@id":"https:\/\/ruizlarrea.com\/en\/#\/schema\/logo\/image\/"},"sameAs":["https:\/\/www.facebook.com\/2gvArquitectura\/","https:\/\/www.instagram.com\/2gv_arq\/","https:\/\/www.linkedin.com\/company\/dosgeuvearquitectura-s.l.p."]},{"@type":"Person","@id":"https:\/\/ruizlarrea.com\/en\/#\/schema\/person\/ca9cc31ed230229a58508c1d370fc4e2","name":"2gvarquitectura","image":{"@type":"ImageObject","inLanguage":"ca","@id":"https:\/\/ruizlarrea.com\/en\/#\/schema\/person\/image\/","url":"https:\/\/secure.gravatar.com\/avatar\/99dd647ed9e1b8b4f8077d1a9de3e451?s=96&d=mm&r=g","contentUrl":"https:\/\/secure.gravatar.com\/avatar\/99dd647ed9e1b8b4f8077d1a9de3e451?s=96&d=mm&r=g","caption":"2gvarquitectura"}}]}},"_links":{"self":[{"href":"https:\/\/ruizlarrea.com\/ca\/wp-json\/wp\/v2\/posts\/8903"}],"collection":[{"href":"https:\/\/ruizlarrea.com\/ca\/wp-json\/wp\/v2\/posts"}],"about":[{"href":"https:\/\/ruizlarrea.com\/ca\/wp-json\/wp\/v2\/types\/post"}],"author":[{"embeddable":true,"href":"https:\/\/ruizlarrea.com\/ca\/wp-json\/wp\/v2\/users\/1"}],"replies":[{"embeddable":true,"href":"https:\/\/ruizlarrea.com\/ca\/wp-json\/wp\/v2\/comments?post=8903"}],"version-history":[{"count":16,"href":"https:\/\/ruizlarrea.com\/ca\/wp-json\/wp\/v2\/posts\/8903\/revisions"}],"predecessor-version":[{"id":9178,"href":"https:\/\/ruizlarrea.com\/ca\/wp-json\/wp\/v2\/posts\/8903\/revisions\/9178"}],"wp:featuredmedia":[{"embeddable":true,"href":"https:\/\/ruizlarrea.com\/ca\/wp-json\/wp\/v2\/media\/8905"}],"wp:attachment":[{"href":"https:\/\/ruizlarrea.com\/ca\/wp-json\/wp\/v2\/media?parent=8903"}],"wp:term":[{"taxonomy":"category","embeddable":true,"href":"https:\/\/ruizlarrea.com\/ca\/wp-json\/wp\/v2\/categories?post=8903"},{"taxonomy":"post_tag","embeddable":true,"href":"https:\/\/ruizlarrea.com\/ca\/wp-json\/wp\/v2\/tags?post=8903"}],"curies":[{"name":"wp","href":"https:\/\/api.w.org\/{rel}","templated":true}]}}