{"id":8562,"date":"2022-03-04T12:17:30","date_gmt":"2022-03-04T11:17:30","guid":{"rendered":"https:\/\/ruizlarrea.com\/?p=8562"},"modified":"2023-04-24T12:26:46","modified_gmt":"2023-04-24T10:26:46","slug":"vueling-elige-a-ruiz-larrea-para-disenar-su-nuevo-headquarters-y-centro-de-formacion-de-pilotos","status":"publish","type":"post","link":"https:\/\/ruizlarrea.com\/ca\/vueling-elige-a-ruiz-larrea-para-disenar-su-nuevo-headquarters-y-centro-de-formacion-de-pilotos\/","title":{"rendered":"Vueling elige a Ruiz-Larrea para dise\u00f1ar su nuevo \u2018headquarters\u2019 y centro de formaci\u00f3n"},"content":{"rendered":"<div data-elementor-type=\"wp-post\" data-elementor-id=\"8562\" class=\"elementor elementor-8562\">\n\t\t\t\t\t\t<div class=\"elementor-inner\">\n\t\t\t\t<div class=\"elementor-section-wrap\">\n\t\t\t\t\t\t\t\t\t<section class=\"elementor-section elementor-top-section elementor-element elementor-element-7f9f7d7 elementor-section-boxed elementor-section-height-default elementor-section-height-default\" data-id=\"7f9f7d7\" data-element_type=\"section\">\n\t\t\t\t\t\t<div class=\"elementor-container elementor-column-gap-default\">\n\t\t\t\t\t\t\t<div class=\"elementor-row\">\n\t\t\t\t\t<div class=\"elementor-column elementor-col-100 elementor-top-column elementor-element elementor-element-3e9e761\" data-id=\"3e9e761\" data-element_type=\"column\">\n\t\t\t<div class=\"elementor-column-wrap\">\n\t\t\t\t\t\t\t<div class=\"elementor-widget-wrap\">\n\t\t\t\t\t\t\t\t<\/div>\n\t\t\t\t\t<\/div>\n\t\t<\/div>\n\t\t\t\t\t\t\t\t<\/div>\n\t\t\t\t\t<\/div>\n\t\t<\/section>\n\t\t\t\t<section class=\"elementor-section elementor-top-section elementor-element elementor-element-930580c elementor-section-boxed elementor-section-height-default elementor-section-height-default\" data-id=\"930580c\" data-element_type=\"section\">\n\t\t\t\t\t\t<div class=\"elementor-container elementor-column-gap-default\">\n\t\t\t\t\t\t\t<div class=\"elementor-row\">\n\t\t\t\t\t<div class=\"elementor-column elementor-col-100 elementor-top-column elementor-element elementor-element-b0e0bb2\" data-id=\"b0e0bb2\" data-element_type=\"column\">\n\t\t\t<div class=\"elementor-column-wrap elementor-element-populated\">\n\t\t\t\t\t\t\t<div class=\"elementor-widget-wrap\">\n\t\t\t\t\t\t<div class=\"elementor-element elementor-element-5fd3111 elementor-widget elementor-widget-image\" data-id=\"5fd3111\" data-element_type=\"widget\" data-widget_type=\"image.default\">\n\t\t\t\t<div class=\"elementor-widget-container\">\n\t\t\t\t\t\t\t\t<div class=\"elementor-image\">\n\t\t\t\t\t\t\t\t\t\t\t\t<img decoding=\"async\" width=\"1024\" height=\"732\" src=\"https:\/\/ruizlarrea.com\/wp-content\/uploads\/2022\/03\/vueling_oct_3-7-1024x732.jpg\" class=\"attachment-large size-large\" alt=\"\" loading=\"lazy\" srcset=\"https:\/\/ruizlarrea.com\/wp-content\/uploads\/2022\/03\/vueling_oct_3-7-1024x732.jpg 1024w, https:\/\/ruizlarrea.com\/wp-content\/uploads\/2022\/03\/vueling_oct_3-7-300x214.jpg 300w, https:\/\/ruizlarrea.com\/wp-content\/uploads\/2022\/03\/vueling_oct_3-7-768x549.jpg 768w, https:\/\/ruizlarrea.com\/wp-content\/uploads\/2022\/03\/vueling_oct_3-7-18x12.jpg 18w, https:\/\/ruizlarrea.com\/wp-content\/uploads\/2022\/03\/vueling_oct_3-7-440x314.jpg 440w, https:\/\/ruizlarrea.com\/wp-content\/uploads\/2022\/03\/vueling_oct_3-7.jpg 1467w\" sizes=\"(max-width: 1024px) 100vw, 1024px\" \/>\t\t\t\t\t\t\t\t\t\t\t\t\t\t<\/div>\n\t\t\t\t\t\t<\/div>\n\t\t\t\t<\/div>\n\t\t\t\t<div class=\"elementor-element elementor-element-0bcf744 elementor-widget elementor-widget-spacer\" data-id=\"0bcf744\" data-element_type=\"widget\" data-widget_type=\"spacer.default\">\n\t\t\t\t<div class=\"elementor-widget-container\">\n\t\t\t\t\t<div class=\"elementor-spacer\">\n\t\t\t<div class=\"elementor-spacer-inner\"><\/div>\n\t\t<\/div>\n\t\t\t\t<\/div>\n\t\t\t\t<\/div>\n\t\t\t\t\t\t<\/div>\n\t\t\t\t\t<\/div>\n\t\t<\/div>\n\t\t\t\t\t\t\t\t<\/div>\n\t\t\t\t\t<\/div>\n\t\t<\/section>\n\t\t\t\t<section class=\"elementor-section elementor-top-section elementor-element elementor-element-a27095b elementor-section-boxed elementor-section-height-default elementor-section-height-default\" data-id=\"a27095b\" data-element_type=\"section\">\n\t\t\t\t\t\t<div class=\"elementor-container elementor-column-gap-default\">\n\t\t\t\t\t\t\t<div class=\"elementor-row\">\n\t\t\t\t\t<div class=\"elementor-column elementor-col-100 elementor-top-column elementor-element elementor-element-e460632\" data-id=\"e460632\" data-element_type=\"column\">\n\t\t\t<div class=\"elementor-column-wrap elementor-element-populated\">\n\t\t\t\t\t\t\t<div class=\"elementor-widget-wrap\">\n\t\t\t\t\t\t<div class=\"elementor-element elementor-element-7ba19e8 elementor-widget elementor-widget-text-editor\" data-id=\"7ba19e8\" data-element_type=\"widget\" data-widget_type=\"text-editor.default\">\n\t\t\t\t<div class=\"elementor-widget-container\">\n\t\t\t\t\t\t\t\t<div class=\"elementor-text-editor elementor-clearfix\">\n\t\t\t\t<h2><strong>Vueling elige a Ruiz-Larrea para dise\u00f1ar su nuevo \u2018headquarters\u2019 y centro de formaci\u00f3n de pilotos<\/strong><\/h2><p><strong>La aerol\u00ednea se muda de El Prat a Viladecans, donde Ruiz-Larrea dise\u00f1ar\u00e1 un cuartel general integrador, sostenible y saludable que favorezca el confort y el rendimiento.<\/strong><\/p><p><strong>Madrid, 06\/05\/2022.-<\/strong> Vueling, aerol\u00ednea bandera del aeropuerto de Barcelona-El Prat, ha elegido de nuevo a Ruiz-Larrea para afrontar u proyecto emblem\u00e1tico: el dise\u00f1o de su nuevo <em>headquarters<\/em> y centro de formaci\u00f3n de pilotos, que se situar\u00e1 en el Business Park del vecino municipio de Viladecans.<\/p><p>Ruiz-Larrea ser\u00e1 el estudio de arquitectura responsable de definir un cuartel general integrador, sostenible y saludable, que aunar\u00e1 las dependencias de gesti\u00f3n diaria de la compa\u00f1\u00eda y el centro de formaci\u00f3n de pilotos. <strong>\u201cEstamos muy satisfechos de volver a contar con la confianza de Vueling para dise\u00f1ar unas oficinas saludables, que van a favorecer el confort, el bienestar y el rendimiento de todos los empleados. Satisfaremos las necesidades de Vueling imprimiendo al mismo tiempo el sello de eficacia e innovaci\u00f3n que caracteriza todos los proyectos de Ruiz-Larrea\u201d<\/strong>, subray\u00f3 Juan Carlos Garc\u00eda, socio de Ruiz-Larrea y responsable del proyecto.<\/p><p>La ubicaci\u00f3n sede, que dar\u00e1 a cabida a 900 empleados, se encuentra en una ubicaci\u00f3n estrat\u00e9gica, a solo 6 kil\u00f3metros del aeropuerto de El Prat y a 13 kil\u00f3metros de Barcelona. Adem\u00e1s, est\u00e1 conectada con el Paseo de Gracia de la capital catalana mediante tren, a 5 minutos a pie del mismo Business Park.<\/p><p>El dise\u00f1o de Ruiz-Larrea aportar\u00e1 valor a Vueling para permitirle avanzar en el programa Flightpath Net Zero, a trav\u00e9s del cual se ha fijado como objetivo alcanzar las 0 emisiones netas de CO2 en 2050. El edificio que albergar\u00e1 las instalaciones cuenta con el certificado BREEAM de sostenibilidad ambiental. Ruiz-Larrea implantar\u00e1 en \u00e9l un dise\u00f1o di\u00e1fano, con vegetaci\u00f3n natural y espacios de trabajo flexibles que garanticen las sinergias internas y la comodidad que las compa\u00f1\u00edas punteras demandan hoy.<\/p><p><strong>RUIZ-LARREA, PIONEROS EN SOSTENIBILIDAD<\/strong><\/p><p>Ruiz-Larrea, estudio de arquitectura especializado en edificaci\u00f3n sostenible, rehabilitaci\u00f3n y obra nueva bioclim\u00e1tica, atesora 40 a\u00f1os de trayectoria en los que ha destacado por obtener numerosos premios a nivel nacional e internacional.<\/p><p>El estudio es responsable de trabajos como el centro de producci\u00f3n audiovisual de Sogecable (despu\u00e9s Canal Plus), el Centro Nacional de Energ\u00edas Renovables, la Agencia Andaluza de la Energ\u00eda, la Torre Cibeles del Banco de Espa\u00f1a, la sede corporativa y centro de formaci\u00f3n de pilotos de Vueling o el nuevo <em>headquarters<\/em> de la multinacional farmac\u00e9utica Sanofi, adem\u00e1s de multitud de proyectos de vivienda sostenible, accesible y bioclim\u00e1tica como el residencial de construcci\u00f3n industrializada Manubuild o el edificio de consumo casi nulo Madrid 0,0.<\/p><p>\u00a0<\/p><p><strong>M\u00e1s informaci\u00f3n, entrevistas o im\u00e1genes:<\/strong><\/p><p><span style=\"font-weight: 400;\">\u00c1ngel Calleja, director de Comunicaci\u00f3n y Relaciones Institucionales<\/span><\/p><p><a href=\"mailto:a.calleja@ruizlarrea.com\"><span style=\"font-weight: 400;\">a.calleja@ruizlarrea.com<\/span><\/a><span style=\"font-weight: 400;\"> \/ +34 671 150 201<\/span><\/p>\t\t\t\t\t<\/div>\n\t\t\t\t\t\t<\/div>\n\t\t\t\t<\/div>\n\t\t\t\t\t\t<\/div>\n\t\t\t\t\t<\/div>\n\t\t<\/div>\n\t\t\t\t\t\t\t\t<\/div>\n\t\t\t\t\t<\/div>\n\t\t<\/section>\n\t\t\t\t<section class=\"elementor-section elementor-top-section elementor-element elementor-element-4251d7f elementor-section-boxed elementor-section-height-default elementor-section-height-default\" data-id=\"4251d7f\" data-element_type=\"section\">\n\t\t\t\t\t\t<div class=\"elementor-container elementor-column-gap-default\">\n\t\t\t\t\t\t\t<div class=\"elementor-row\">\n\t\t\t\t\t<div class=\"elementor-column elementor-col-100 elementor-top-column elementor-element elementor-element-0cbcb62\" data-id=\"0cbcb62\" data-element_type=\"column\">\n\t\t\t<div class=\"elementor-column-wrap elementor-element-populated\">\n\t\t\t\t\t\t\t<div class=\"elementor-widget-wrap\">\n\t\t\t\t\t\t<div class=\"elementor-element elementor-element-657a243 elementor-widget elementor-widget-spacer\" data-id=\"657a243\" data-element_type=\"widget\" data-widget_type=\"spacer.default\">\n\t\t\t\t<div class=\"elementor-widget-container\">\n\t\t\t\t\t<div class=\"elementor-spacer\">\n\t\t\t<div class=\"elementor-spacer-inner\"><\/div>\n\t\t<\/div>\n\t\t\t\t<\/div>\n\t\t\t\t<\/div>\n\t\t\t\t<div class=\"elementor-element elementor-element-a0d1292 elementor-align-center elementor-widget elementor-widget-button\" data-id=\"a0d1292\" data-element_type=\"widget\" data-widget_type=\"button.default\">\n\t\t\t\t<div class=\"elementor-widget-container\">\n\t\t\t\t\t<div class=\"elementor-button-wrapper\">\n\t\t\t<a href=\"https:\/\/ruizlarrea.com\/ca\/comunicacion-prensa\/\" class=\"elementor-button-link elementor-button elementor-size-sm\" role=\"button\">\n\t\t\t\t\t\t<span class=\"elementor-button-content-wrapper\">\n\t\t\t\t\t\t\t<span class=\"elementor-button-icon elementor-align-icon-left\">\n\t\t\t\t<i aria-hidden=\"true\" class=\"fas fa-angle-left\"><\/i>\t\t\t<\/span>\n\t\t\t\t\t\t<span class=\"elementor-button-text\">Comunicaci\u00f3n<\/span>\n\t\t<\/span>\n\t\t\t\t\t<\/a>\n\t\t<\/div>\n\t\t\t\t<\/div>\n\t\t\t\t<\/div>\n\t\t\t\t\t\t<\/div>\n\t\t\t\t\t<\/div>\n\t\t<\/div>\n\t\t\t\t\t\t\t\t<\/div>\n\t\t\t\t\t<\/div>\n\t\t<\/section>\n\t\t\t\t<section class=\"elementor-section elementor-top-section elementor-element elementor-element-2581f95 elementor-section-boxed elementor-section-height-default elementor-section-height-default\" data-id=\"2581f95\" data-element_type=\"section\">\n\t\t\t\t\t\t<div class=\"elementor-container elementor-column-gap-default\">\n\t\t\t\t\t\t\t<div class=\"elementor-row\">\n\t\t\t\t\t<div class=\"elementor-column elementor-col-100 elementor-top-column elementor-element elementor-element-ab4dba0\" data-id=\"ab4dba0\" data-element_type=\"column\">\n\t\t\t<div class=\"elementor-column-wrap\">\n\t\t\t\t\t\t\t<div class=\"elementor-widget-wrap\">\n\t\t\t\t\t\t\t\t<\/div>\n\t\t\t\t\t<\/div>\n\t\t<\/div>\n\t\t\t\t\t\t\t\t<\/div>\n\t\t\t\t\t<\/div>\n\t\t<\/section>\n\t\t\t\t\t\t\t\t\t<\/div>\n\t\t\t<\/div>\n\t\t\t\t\t<\/div>","protected":false},"excerpt":{"rendered":"<p>Vueling elige a Ruiz-Larrea para dise\u00f1ar su nuevo \u2018headquarters\u2019 y centro de formaci\u00f3n de pilotos La aerol\u00ednea se muda de El Prat a Viladecans, donde Ruiz-Larrea dise\u00f1ar\u00e1 un cuartel general integrador, sostenible y saludable que favorezca el confort y el [&hellip;]<\/p>","protected":false},"author":1,"featured_media":8749,"comment_status":"closed","ping_status":"open","sticky":false,"template":"elementor_header_footer","format":"standard","meta":[],"categories":[19],"tags":[32],"yoast_head":"<!-- This site is optimized with the Yoast SEO plugin v20.2 - https:\/\/yoast.com\/wordpress\/plugins\/seo\/ -->\n<title>Vueling elige a Ruiz-Larrea para dise\u00f1ar su nuevo \u2018headquarters\u2019 y centro de formaci\u00f3n - Ruiz Larrea<\/title>\n<meta name=\"robots\" content=\"index, follow, max-snippet:-1, max-image-preview:large, max-video-preview:-1\" \/>\n<link rel=\"canonical\" href=\"https:\/\/ruizlarrea.com\/ca\/vueling-elige-a-ruiz-larrea-para-disenar-su-nuevo-headquarters-y-centro-de-formacion-de-pilotos\/\" \/>\n<meta property=\"og:locale\" content=\"ca_ES\" \/>\n<meta property=\"og:type\" content=\"article\" \/>\n<meta property=\"og:title\" content=\"Vueling elige a Ruiz-Larrea para dise\u00f1ar su nuevo \u2018headquarters\u2019 y centro de formaci\u00f3n - Ruiz Larrea\" \/>\n<meta property=\"og:description\" content=\"Vueling elige a Ruiz-Larrea para dise\u00f1ar su nuevo \u2018headquarters\u2019 y centro de formaci\u00f3n de pilotos La aerol\u00ednea se muda de El Prat a Viladecans, donde Ruiz-Larrea dise\u00f1ar\u00e1 un cuartel general integrador, sostenible y saludable que favorezca el confort y el [&hellip;]\" \/>\n<meta property=\"og:url\" content=\"https:\/\/ruizlarrea.com\/ca\/vueling-elige-a-ruiz-larrea-para-disenar-su-nuevo-headquarters-y-centro-de-formacion-de-pilotos\/\" \/>\n<meta property=\"og:site_name\" content=\"Ruiz Larrea\" \/>\n<meta property=\"article:publisher\" content=\"https:\/\/www.facebook.com\/2gvArquitectura\/\" \/>\n<meta property=\"article:published_time\" content=\"2022-03-04T11:17:30+00:00\" \/>\n<meta property=\"article:modified_time\" content=\"2023-04-24T10:26:46+00:00\" \/>\n<meta property=\"og:image\" content=\"https:\/\/ruizlarrea.com\/wp-content\/uploads\/2022\/03\/vueling_oct_3-7.jpg\" \/>\n\t<meta property=\"og:image:width\" content=\"1467\" \/>\n\t<meta property=\"og:image:height\" content=\"1048\" \/>\n\t<meta property=\"og:image:type\" content=\"image\/jpeg\" \/>\n<meta name=\"author\" content=\"2gvarquitectura\" \/>\n<meta name=\"twitter:card\" content=\"summary_large_image\" \/>\n<meta name=\"twitter:label1\" content=\"Escrit per\" \/>\n\t<meta name=\"twitter:data1\" content=\"2gvarquitectura\" \/>\n\t<meta name=\"twitter:label2\" content=\"Temps estimat de lectura\" \/>\n\t<meta name=\"twitter:data2\" content=\"3 minuts\" \/>\n<script type=\"application\/ld+json\" class=\"yoast-schema-graph\">{\"@context\":\"https:\/\/schema.org\",\"@graph\":[{\"@type\":\"Article\",\"@id\":\"https:\/\/ruizlarrea.com\/vueling-elige-a-ruiz-larrea-para-disenar-su-nuevo-headquarters-y-centro-de-formacion-de-pilotos\/#article\",\"isPartOf\":{\"@id\":\"https:\/\/ruizlarrea.com\/vueling-elige-a-ruiz-larrea-para-disenar-su-nuevo-headquarters-y-centro-de-formacion-de-pilotos\/\"},\"author\":{\"name\":\"2gvarquitectura\",\"@id\":\"https:\/\/ruizlarrea.com\/en\/#\/schema\/person\/ca9cc31ed230229a58508c1d370fc4e2\"},\"headline\":\"Vueling elige a Ruiz-Larrea para dise\u00f1ar su nuevo \u2018headquarters\u2019 y centro de formaci\u00f3n\",\"datePublished\":\"2022-03-04T11:17:30+00:00\",\"dateModified\":\"2023-04-24T10:26:46+00:00\",\"mainEntityOfPage\":{\"@id\":\"https:\/\/ruizlarrea.com\/vueling-elige-a-ruiz-larrea-para-disenar-su-nuevo-headquarters-y-centro-de-formacion-de-pilotos\/\"},\"wordCount\":505,\"publisher\":{\"@id\":\"https:\/\/ruizlarrea.com\/en\/#organization\"},\"keywords\":[\"comunicaci\u00f3n\"],\"articleSection\":[\"Oficinas\"],\"inLanguage\":\"ca\"},{\"@type\":\"WebPage\",\"@id\":\"https:\/\/ruizlarrea.com\/vueling-elige-a-ruiz-larrea-para-disenar-su-nuevo-headquarters-y-centro-de-formacion-de-pilotos\/\",\"url\":\"https:\/\/ruizlarrea.com\/vueling-elige-a-ruiz-larrea-para-disenar-su-nuevo-headquarters-y-centro-de-formacion-de-pilotos\/\",\"name\":\"Vueling elige a Ruiz-Larrea para dise\u00f1ar su nuevo \u2018headquarters\u2019 y centro de formaci\u00f3n - Ruiz Larrea\",\"isPartOf\":{\"@id\":\"https:\/\/ruizlarrea.com\/en\/#website\"},\"datePublished\":\"2022-03-04T11:17:30+00:00\",\"dateModified\":\"2023-04-24T10:26:46+00:00\",\"breadcrumb\":{\"@id\":\"https:\/\/ruizlarrea.com\/vueling-elige-a-ruiz-larrea-para-disenar-su-nuevo-headquarters-y-centro-de-formacion-de-pilotos\/#breadcrumb\"},\"inLanguage\":\"ca\",\"potentialAction\":[{\"@type\":\"ReadAction\",\"target\":[\"https:\/\/ruizlarrea.com\/vueling-elige-a-ruiz-larrea-para-disenar-su-nuevo-headquarters-y-centro-de-formacion-de-pilotos\/\"]}]},{\"@type\":\"BreadcrumbList\",\"@id\":\"https:\/\/ruizlarrea.com\/vueling-elige-a-ruiz-larrea-para-disenar-su-nuevo-headquarters-y-centro-de-formacion-de-pilotos\/#breadcrumb\",\"itemListElement\":[{\"@type\":\"ListItem\",\"position\":1,\"name\":\"Portada\",\"item\":\"https:\/\/ruizlarrea.com\/\"},{\"@type\":\"ListItem\",\"position\":2,\"name\":\"Vueling elige a Ruiz-Larrea para dise\u00f1ar su nuevo \u2018headquarters\u2019 y centro de formaci\u00f3n de pilotos\"}]},{\"@type\":\"WebSite\",\"@id\":\"https:\/\/ruizlarrea.com\/en\/#website\",\"url\":\"https:\/\/ruizlarrea.com\/en\/\",\"name\":\"2gv Arquitectura\",\"description\":\"Arquitectura\",\"publisher\":{\"@id\":\"https:\/\/ruizlarrea.com\/en\/#organization\"},\"potentialAction\":[{\"@type\":\"SearchAction\",\"target\":{\"@type\":\"EntryPoint\",\"urlTemplate\":\"https:\/\/ruizlarrea.com\/en\/?s={search_term_string}\"},\"query-input\":\"required name=search_term_string\"}],\"inLanguage\":\"ca\"},{\"@type\":\"Organization\",\"@id\":\"https:\/\/ruizlarrea.com\/en\/#organization\",\"name\":\"2GV\",\"url\":\"https:\/\/ruizlarrea.com\/en\/\",\"logo\":{\"@type\":\"ImageObject\",\"inLanguage\":\"ca\",\"@id\":\"https:\/\/ruizlarrea.com\/en\/#\/schema\/logo\/image\/\",\"url\":\"https:\/\/ruizlarrea.com\/wp-content\/uploads\/2019\/10\/2gv_-logo-color-negro-e1571069923777.png\",\"contentUrl\":\"https:\/\/ruizlarrea.com\/wp-content\/uploads\/2019\/10\/2gv_-logo-color-negro-e1571069923777.png\",\"width\":150,\"height\":113,\"caption\":\"2GV\"},\"image\":{\"@id\":\"https:\/\/ruizlarrea.com\/en\/#\/schema\/logo\/image\/\"},\"sameAs\":[\"https:\/\/www.facebook.com\/2gvArquitectura\/\",\"https:\/\/www.instagram.com\/2gv_arq\/\",\"https:\/\/www.linkedin.com\/company\/dosgeuvearquitectura-s.l.p.\"]},{\"@type\":\"Person\",\"@id\":\"https:\/\/ruizlarrea.com\/en\/#\/schema\/person\/ca9cc31ed230229a58508c1d370fc4e2\",\"name\":\"2gvarquitectura\",\"image\":{\"@type\":\"ImageObject\",\"inLanguage\":\"ca\",\"@id\":\"https:\/\/ruizlarrea.com\/en\/#\/schema\/person\/image\/\",\"url\":\"https:\/\/secure.gravatar.com\/avatar\/99dd647ed9e1b8b4f8077d1a9de3e451?s=96&d=mm&r=g\",\"contentUrl\":\"https:\/\/secure.gravatar.com\/avatar\/99dd647ed9e1b8b4f8077d1a9de3e451?s=96&d=mm&r=g\",\"caption\":\"2gvarquitectura\"}}]}<\/script>\n<!-- \/ Yoast SEO plugin. -->","yoast_head_json":{"title":"Vueling elige a Ruiz-Larrea para dise\u00f1ar su nuevo \u2018headquarters\u2019 y centro de formaci\u00f3n - Ruiz Larrea","robots":{"index":"index","follow":"follow","max-snippet":"max-snippet:-1","max-image-preview":"max-image-preview:large","max-video-preview":"max-video-preview:-1"},"canonical":"https:\/\/ruizlarrea.com\/ca\/vueling-elige-a-ruiz-larrea-para-disenar-su-nuevo-headquarters-y-centro-de-formacion-de-pilotos\/","og_locale":"ca_ES","og_type":"article","og_title":"Vueling elige a Ruiz-Larrea para dise\u00f1ar su nuevo \u2018headquarters\u2019 y centro de formaci\u00f3n - Ruiz Larrea","og_description":"Vueling elige a Ruiz-Larrea para dise\u00f1ar su nuevo \u2018headquarters\u2019 y centro de formaci\u00f3n de pilotos La aerol\u00ednea se muda de El Prat a Viladecans, donde Ruiz-Larrea dise\u00f1ar\u00e1 un cuartel general integrador, sostenible y saludable que favorezca el confort y el [&hellip;]","og_url":"https:\/\/ruizlarrea.com\/ca\/vueling-elige-a-ruiz-larrea-para-disenar-su-nuevo-headquarters-y-centro-de-formacion-de-pilotos\/","og_site_name":"Ruiz Larrea","article_publisher":"https:\/\/www.facebook.com\/2gvArquitectura\/","article_published_time":"2022-03-04T11:17:30+00:00","article_modified_time":"2023-04-24T10:26:46+00:00","og_image":[{"width":1467,"height":1048,"url":"https:\/\/ruizlarrea.com\/wp-content\/uploads\/2022\/03\/vueling_oct_3-7.jpg","type":"image\/jpeg"}],"author":"2gvarquitectura","twitter_card":"summary_large_image","twitter_misc":{"Escrit per":"2gvarquitectura","Temps estimat de lectura":"3 minuts"},"schema":{"@context":"https:\/\/schema.org","@graph":[{"@type":"Article","@id":"https:\/\/ruizlarrea.com\/vueling-elige-a-ruiz-larrea-para-disenar-su-nuevo-headquarters-y-centro-de-formacion-de-pilotos\/#article","isPartOf":{"@id":"https:\/\/ruizlarrea.com\/vueling-elige-a-ruiz-larrea-para-disenar-su-nuevo-headquarters-y-centro-de-formacion-de-pilotos\/"},"author":{"name":"2gvarquitectura","@id":"https:\/\/ruizlarrea.com\/en\/#\/schema\/person\/ca9cc31ed230229a58508c1d370fc4e2"},"headline":"Vueling elige a Ruiz-Larrea para dise\u00f1ar su nuevo \u2018headquarters\u2019 y centro de formaci\u00f3n","datePublished":"2022-03-04T11:17:30+00:00","dateModified":"2023-04-24T10:26:46+00:00","mainEntityOfPage":{"@id":"https:\/\/ruizlarrea.com\/vueling-elige-a-ruiz-larrea-para-disenar-su-nuevo-headquarters-y-centro-de-formacion-de-pilotos\/"},"wordCount":505,"publisher":{"@id":"https:\/\/ruizlarrea.com\/en\/#organization"},"keywords":["comunicaci\u00f3n"],"articleSection":["Oficinas"],"inLanguage":"ca"},{"@type":"WebPage","@id":"https:\/\/ruizlarrea.com\/vueling-elige-a-ruiz-larrea-para-disenar-su-nuevo-headquarters-y-centro-de-formacion-de-pilotos\/","url":"https:\/\/ruizlarrea.com\/vueling-elige-a-ruiz-larrea-para-disenar-su-nuevo-headquarters-y-centro-de-formacion-de-pilotos\/","name":"Vueling elige a Ruiz-Larrea para dise\u00f1ar su nuevo \u2018headquarters\u2019 y centro de formaci\u00f3n - Ruiz Larrea","isPartOf":{"@id":"https:\/\/ruizlarrea.com\/en\/#website"},"datePublished":"2022-03-04T11:17:30+00:00","dateModified":"2023-04-24T10:26:46+00:00","breadcrumb":{"@id":"https:\/\/ruizlarrea.com\/vueling-elige-a-ruiz-larrea-para-disenar-su-nuevo-headquarters-y-centro-de-formacion-de-pilotos\/#breadcrumb"},"inLanguage":"ca","potentialAction":[{"@type":"ReadAction","target":["https:\/\/ruizlarrea.com\/vueling-elige-a-ruiz-larrea-para-disenar-su-nuevo-headquarters-y-centro-de-formacion-de-pilotos\/"]}]},{"@type":"BreadcrumbList","@id":"https:\/\/ruizlarrea.com\/vueling-elige-a-ruiz-larrea-para-disenar-su-nuevo-headquarters-y-centro-de-formacion-de-pilotos\/#breadcrumb","itemListElement":[{"@type":"ListItem","position":1,"name":"Portada","item":"https:\/\/ruizlarrea.com\/"},{"@type":"ListItem","position":2,"name":"Vueling elige a Ruiz-Larrea para dise\u00f1ar su nuevo \u2018headquarters\u2019 y centro de formaci\u00f3n de pilotos"}]},{"@type":"WebSite","@id":"https:\/\/ruizlarrea.com\/en\/#website","url":"https:\/\/ruizlarrea.com\/en\/","name":"2gv Arquitectura","description":"Arquitectura","publisher":{"@id":"https:\/\/ruizlarrea.com\/en\/#organization"},"potentialAction":[{"@type":"SearchAction","target":{"@type":"EntryPoint","urlTemplate":"https:\/\/ruizlarrea.com\/en\/?s={search_term_string}"},"query-input":"required name=search_term_string"}],"inLanguage":"ca"},{"@type":"Organization","@id":"https:\/\/ruizlarrea.com\/en\/#organization","name":"2GV","url":"https:\/\/ruizlarrea.com\/en\/","logo":{"@type":"ImageObject","inLanguage":"ca","@id":"https:\/\/ruizlarrea.com\/en\/#\/schema\/logo\/image\/","url":"https:\/\/ruizlarrea.com\/wp-content\/uploads\/2019\/10\/2gv_-logo-color-negro-e1571069923777.png","contentUrl":"https:\/\/ruizlarrea.com\/wp-content\/uploads\/2019\/10\/2gv_-logo-color-negro-e1571069923777.png","width":150,"height":113,"caption":"2GV"},"image":{"@id":"https:\/\/ruizlarrea.com\/en\/#\/schema\/logo\/image\/"},"sameAs":["https:\/\/www.facebook.com\/2gvArquitectura\/","https:\/\/www.instagram.com\/2gv_arq\/","https:\/\/www.linkedin.com\/company\/dosgeuvearquitectura-s.l.p."]},{"@type":"Person","@id":"https:\/\/ruizlarrea.com\/en\/#\/schema\/person\/ca9cc31ed230229a58508c1d370fc4e2","name":"2gvarquitectura","image":{"@type":"ImageObject","inLanguage":"ca","@id":"https:\/\/ruizlarrea.com\/en\/#\/schema\/person\/image\/","url":"https:\/\/secure.gravatar.com\/avatar\/99dd647ed9e1b8b4f8077d1a9de3e451?s=96&d=mm&r=g","contentUrl":"https:\/\/secure.gravatar.com\/avatar\/99dd647ed9e1b8b4f8077d1a9de3e451?s=96&d=mm&r=g","caption":"2gvarquitectura"}}]}},"_links":{"self":[{"href":"https:\/\/ruizlarrea.com\/ca\/wp-json\/wp\/v2\/posts\/8562"}],"collection":[{"href":"https:\/\/ruizlarrea.com\/ca\/wp-json\/wp\/v2\/posts"}],"about":[{"href":"https:\/\/ruizlarrea.com\/ca\/wp-json\/wp\/v2\/types\/post"}],"author":[{"embeddable":true,"href":"https:\/\/ruizlarrea.com\/ca\/wp-json\/wp\/v2\/users\/1"}],"replies":[{"embeddable":true,"href":"https:\/\/ruizlarrea.com\/ca\/wp-json\/wp\/v2\/comments?post=8562"}],"version-history":[{"count":44,"href":"https:\/\/ruizlarrea.com\/ca\/wp-json\/wp\/v2\/posts\/8562\/revisions"}],"predecessor-version":[{"id":9175,"href":"https:\/\/ruizlarrea.com\/ca\/wp-json\/wp\/v2\/posts\/8562\/revisions\/9175"}],"wp:featuredmedia":[{"embeddable":true,"href":"https:\/\/ruizlarrea.com\/ca\/wp-json\/wp\/v2\/media\/8749"}],"wp:attachment":[{"href":"https:\/\/ruizlarrea.com\/ca\/wp-json\/wp\/v2\/media?parent=8562"}],"wp:term":[{"taxonomy":"category","embeddable":true,"href":"https:\/\/ruizlarrea.com\/ca\/wp-json\/wp\/v2\/categories?post=8562"},{"taxonomy":"post_tag","embeddable":true,"href":"https:\/\/ruizlarrea.com\/ca\/wp-json\/wp\/v2\/tags?post=8562"}],"curies":[{"name":"wp","href":"https:\/\/api.w.org\/{rel}","templated":true}]}}